{"id":86847,"date":"2025-11-13T11:00:00","date_gmt":"2025-11-13T17:00:00","guid":{"rendered":"https:\/\/zonaroja.com.mx\/?p=86847"},"modified":"2025-11-13T08:15:51","modified_gmt":"2025-11-13T14:15:51","slug":"caso-noelia-exhibe-feminicidio-infantil-y-necesidad-de-acciones-especiales-y-urgentes","status":"publish","type":"post","link":"https:\/\/zonaroja.com.mx\/?p=86847","title":{"rendered":"Caso Noelia exhibe feminicidio infantil y necesidad de acciones especiales y urgentes"},"content":{"rendered":"\n<p>Lisbeth Mej\u00eda Reyes\/Zona Roja.<\/p>\n\n\n\n<p>Oaxaca, Oax., a 13 de noviembre de 2025.- El Grupo de Estudios sobre la Mujer \u201cRosario Castellanos\u201d (GES Mujer) lament\u00f3 y conden\u00f3 el asesinato violento de Noelia Daylen, ni\u00f1a de 4 a\u00f1os, quien previamente fuera reportada como desaparecida en Juchit\u00e1n de Zaragoza el 10 de noviembre y cuyo caso ha causado consternaci\u00f3n social y una exigencia leg\u00edtima de poner un alto a la violencia hacia las ni\u00f1as.&nbsp;<\/p>\n\n\n\n<p>Mar\u00eda del Rosario Mart\u00ednez Miguel, presidenta de GES Mujer, expres\u00f3 que tambi\u00e9n es urgente prevenir, atender y sancionar los asesinatos infantiles y adolescentes, entre estos el feminicidio infantil.<\/p>\n\n\n\n<p>\u00abAnte una violencia feminicida que afecta a las ni\u00f1as y adolescentes, los protocolos especializados en la investigaci\u00f3n del delito de feminicidio deben contener un apartado especial para este grupo, que adem\u00e1s de un enfoque de g\u00e9nero contemple la condici\u00f3n de edad, pues urge visibilizar esta problem\u00e1tica a fin de generar acciones de alto impacto para su prevenci\u00f3n, atenci\u00f3n y erradicaci\u00f3n\u00bb, agreg\u00f3 la asociaci\u00f3n civil en un pronunciamiento.<\/p>\n\n\n\n<p>Adem\u00e1s de recordar que \u00abel Estado Mexicano tiene obligaciones derivadas de la Convenci\u00f3n Internacional de los Derechos del Ni\u00f1o y el art\u00edculo 19 de la Convenci\u00f3n Americana\u00bb y que \u00abel t\u00e9rmino de debida diligencia debe reforzarse cuando es menor de edad, aplicando el principio superior de la infancia contenido en el art\u00edculo tercero constitucional, a fin de que gu\u00ede las pr\u00e1cticas policiales, ministeriales y judiciales\u00bb.<\/p>\n\n\n\n<p>En entrevista, la presidenta del GES Mujer subray\u00f3 que con el caso de Noelia Daylen y las otras 78 muertes violentas de mujeres registradas entre enero y hasta este 12 de noviembre pareciera que la violencia feminicida se est\u00e1 normalizando en Oaxaca.&nbsp;<\/p>\n\n\n\n<p>Tambi\u00e9n, que las estrategias del Estado no surten efecto para garantizar a las mujeres una vida libre de violencia.<\/p>\n\n\n\n<p>\u00abNos est\u00e1 mostrando que la militarizaci\u00f3n de los municipios no est\u00e1 dando resultados\u00bb, dijo en alusi\u00f3n a los operativos conjuntos de las fuerzas federales y estatales.<\/p>\n\n\n\n<p>Entre las ya 79 muertes violentas de mujeres, GES Mujer explic\u00f3 que el Istmo de Tehuantepec es la regi\u00f3n que concentra el mayor porcentaje en lo que va del a\u00f1o: con 24 casos. Pero \u00abm\u00e1s all\u00e1 de cifras son vidas de mujeres\u00bb, apunt\u00f3 sobre una problem\u00e1tica que causa dolor para sus familias.<\/p>\n\n\n\n<p>Del total de asesinatos violentos ocurridos, un 13% (8) corresponde a ni\u00f1as y adolescentes menores de 18 a\u00f1os, detalla la asociaci\u00f3n civil.<\/p>\n\n\n\n<p>GES Mujer extern\u00f3 su preocupaci\u00f3n por las mujeres que han sido asesinadas de manera violenta por impacto por proyectil de arma de fuego (un 60% del total) \u00aby porque enfrentan adem\u00e1s el discurso cargado de prejuicios de que: &#8216;se encontraban ligadas o relacionadas con c\u00e9lulas delictivas&#8217;, lo que las revictimiza e inhibe la investigaci\u00f3n del contexto y de antecedentes que establezcan v\u00ednculos o motivos para determinar la causa penal de feminicidio\u00bb.<\/p>\n","protected":false},"excerpt":{"rendered":"<p>Lisbeth Mej\u00eda Reyes\/Zona Roja. Oaxaca, Oax., a 13 de noviembre de 2025.- El Grupo de&hellip;<\/p>\n","protected":false},"author":2,"featured_media":86793,"comment_status":"closed","ping_status":"open","sticky":false,"template":"","format":"standard","meta":{"_lmt_disableupdate":"","_lmt_disable":"","_jetpack_memberships_contains_paid_content":false,"footnotes":""},"categories":[109,47],"tags":[4519],"class_list":["post-86847","post","type-post","status-publish","format-standard","has-post-thumbnail","hentry","category-minuto-a-minuto","category-zona-gris","tag-noelia-daylen-s-g"],"jetpack_featured_media_url":"https:\/\/zonaroja.com.mx\/wp-content\/uploads\/2025\/11\/Noelia-Daylen-menor-Juchitan.jpg","jetpack_sharing_enabled":true,"_links":{"self":[{"href":"https:\/\/zonaroja.com.mx\/index.php?rest_route=\/wp\/v2\/posts\/86847","targetHints":{"allow":["GET"]}}],"collection":[{"href":"https:\/\/zonaroja.com.mx\/index.php?rest_route=\/wp\/v2\/posts"}],"about":[{"href":"https:\/\/zonaroja.com.mx\/index.php?rest_route=\/wp\/v2\/types\/post"}],"author":[{"embeddable":true,"href":"https:\/\/zonaroja.com.mx\/index.php?rest_route=\/wp\/v2\/users\/2"}],"replies":[{"embeddable":true,"href":"https:\/\/zonaroja.com.mx\/index.php?rest_route=%2Fwp%2Fv2%2Fcomments&post=86847"}],"version-history":[{"count":1,"href":"https:\/\/zonaroja.com.mx\/index.php?rest_route=\/wp\/v2\/posts\/86847\/revisions"}],"predecessor-version":[{"id":86848,"href":"https:\/\/zonaroja.com.mx\/index.php?rest_route=\/wp\/v2\/posts\/86847\/revisions\/86848"}],"wp:featuredmedia":[{"embeddable":true,"href":"https:\/\/zonaroja.com.mx\/index.php?rest_route=\/wp\/v2\/media\/86793"}],"wp:attachment":[{"href":"https:\/\/zonaroja.com.mx\/index.php?rest_route=%2Fwp%2Fv2%2Fmedia&parent=86847"}],"wp:term":[{"taxonomy":"category","embeddable":true,"href":"https:\/\/zonaroja.com.mx\/index.php?rest_route=%2Fwp%2Fv2%2Fcategories&post=86847"},{"taxonomy":"post_tag","embeddable":true,"href":"https:\/\/zonaroja.com.mx\/index.php?rest_route=%2Fwp%2Fv2%2Ftags&post=86847"}],"curies":[{"name":"wp","href":"https:\/\/api.w.org\/{rel}","templated":true}]}}