{"id":86849,"date":"2025-11-13T12:18:00","date_gmt":"2025-11-13T18:18:00","guid":{"rendered":"https:\/\/zonaroja.com.mx\/?p=86849"},"modified":"2025-11-13T08:39:30","modified_gmt":"2025-11-13T14:39:30","slug":"reprime-poder-judicial-a-ex-jueces-que-exigen-indemnizaciones","status":"publish","type":"post","link":"https:\/\/zonaroja.com.mx\/?p=86849","title":{"rendered":"Reprime Poder Judicial a ex jueces que exigen indemnizaciones"},"content":{"rendered":"\n<p>Redacci\u00f3n\/Zona Roja Cdmx.<\/p>\n\n\n\n<p>(Informaci\u00f3n de Pol\u00edtico.Mx)<\/p>\n\n\n\n<p>Ciudad de M\u00e9xico, a 13 de noviembre de 2025.- Juezas y jueces federales en retiro, separados de su cargo de manera forzada por la reforma judicial, volvieron a las calles para exigir que les paguen, de manera \u00edntegra y oportuna, las indemnizaciones a las que tienen derecho.<\/p>\n\n\n\n<p>Sin embargo, en lugar de di\u00e1logo, encontraron elementos de seguridad que los encapsularon, los empujaron y los retiraron por la fuerza de la sede del \u00d3rgano de Administraci\u00f3n Judicial (OAJ).<\/p>\n\n\n\n<p>Los videos difundidos en redes sociales dan testimonio del trato que recibieron. En ellos se dio cuenta de filas de polic\u00edas rodeando a los manifestantes, granaderos avanzando sobre ellos para despejar la zona, jueces tirados en la calle despu\u00e9s de los empujones, una mujer juzgadora entre las personas afectadas.<\/p>\n\n\n\n<p>En los audioambientes se escuchan los reclamos: son jueces, est\u00e1n protestando por sus derechos, exigen el pago de lo que se les debe y repiten que no merecen ser tratados como criminales.<\/p>\n\n\n\n<p>LA CONDENA<\/p>\n\n\n\n<p>La Asociaci\u00f3n Nacional de Magistrados de Circuito y Jueces de Distrito (JUFED) conden\u00f3 de manera en\u00e9rgica el uso de la fuerza contra personas juzgadoras que se manifestaban leg\u00edtimamente.<\/p>\n\n\n\n<p>La contradicci\u00f3n que se\u00f1ala la JUFED es que mientras el OAJ llama al di\u00e1logo, al mismo tiempo recurre al uso de la fuerza p\u00fablica para contener una expresi\u00f3n leg\u00edtima y pac\u00edfica de personas juzgadoras en retiro que protestan por la dilaci\u00f3n en el pago de sus indemnizaciones.<\/p>\n\n\n\n<p>La asociaci\u00f3n advirti\u00f3 con preocupaci\u00f3n la falta de pago \u00edntegro y oportuno de las indemnizaciones previstas en la reforma constitucional que deriv\u00f3 en la separaci\u00f3n forzada de un porcentaje de personas juzgadoras. Y va m\u00e1s all\u00e1: recoge versiones p\u00fablicas de que el OAJ estar\u00eda aplicando criterios de c\u00e1lculo contrarios a los derechos de las y los titulares afectados, mediante una metodolog\u00eda que no se ajustar\u00eda a los par\u00e1metros derivados de la propia reforma ni de la normatividad aplicable.<\/p>\n\n\n\n<p>A ello se suma, dice el bolet\u00edn, una forma de entrega de los recursos que incrementa la vulnerabilidad de quienes protestan. JUFED reporta que numerosas personas juzgadoras residen fuera de la Ciudad de M\u00e9xico, han visto interrumpidos sus ingresos y, adem\u00e1s, deben desplazarse para recibir los pagos, lo que genera riesgos log\u00edsticos y de seguridad innecesarios y agrava su situaci\u00f3n patrimonial y personal.<\/p>\n\n\n\n<p>JUFED recuerda que ha mantenido su disposici\u00f3n al di\u00e1logo y ha ofrecido su colaboraci\u00f3n t\u00e9cnica para que los pagos se realicen conforme a derecho, en tiempo y forma y con plena transparencia. Por eso califica lo ocurrido como un acto de \u201cviolencia institucional\u201d contra personas juzgadoras.<\/p>\n","protected":false},"excerpt":{"rendered":"<p>Redacci\u00f3n\/Zona Roja Cdmx. (Informaci\u00f3n de Pol\u00edtico.Mx) Ciudad de M\u00e9xico, a 13 de noviembre de 2025.-&hellip;<\/p>\n","protected":false},"author":2,"featured_media":86850,"comment_status":"closed","ping_status":"open","sticky":false,"template":"","format":"standard","meta":{"_lmt_disableupdate":"","_lmt_disable":"","_jetpack_memberships_contains_paid_content":false,"footnotes":""},"categories":[109,47],"tags":[],"class_list":["post-86849","post","type-post","status-publish","format-standard","has-post-thumbnail","hentry","category-minuto-a-minuto","category-zona-gris"],"jetpack_featured_media_url":"https:\/\/zonaroja.com.mx\/wp-content\/uploads\/2025\/11\/Reprimen-a-ex-jueces-protesta.webp","jetpack_sharing_enabled":true,"_links":{"self":[{"href":"https:\/\/zonaroja.com.mx\/index.php?rest_route=\/wp\/v2\/posts\/86849","targetHints":{"allow":["GET"]}}],"collection":[{"href":"https:\/\/zonaroja.com.mx\/index.php?rest_route=\/wp\/v2\/posts"}],"about":[{"href":"https:\/\/zonaroja.com.mx\/index.php?rest_route=\/wp\/v2\/types\/post"}],"author":[{"embeddable":true,"href":"https:\/\/zonaroja.com.mx\/index.php?rest_route=\/wp\/v2\/users\/2"}],"replies":[{"embeddable":true,"href":"https:\/\/zonaroja.com.mx\/index.php?rest_route=%2Fwp%2Fv2%2Fcomments&post=86849"}],"version-history":[{"count":1,"href":"https:\/\/zonaroja.com.mx\/index.php?rest_route=\/wp\/v2\/posts\/86849\/revisions"}],"predecessor-version":[{"id":86851,"href":"https:\/\/zonaroja.com.mx\/index.php?rest_route=\/wp\/v2\/posts\/86849\/revisions\/86851"}],"wp:featuredmedia":[{"embeddable":true,"href":"https:\/\/zonaroja.com.mx\/index.php?rest_route=\/wp\/v2\/media\/86850"}],"wp:attachment":[{"href":"https:\/\/zonaroja.com.mx\/index.php?rest_route=%2Fwp%2Fv2%2Fmedia&parent=86849"}],"wp:term":[{"taxonomy":"category","embeddable":true,"href":"https:\/\/zonaroja.com.mx\/index.php?rest_route=%2Fwp%2Fv2%2Fcategories&post=86849"},{"taxonomy":"post_tag","embeddable":true,"href":"https:\/\/zonaroja.com.mx\/index.php?rest_route=%2Fwp%2Fv2%2Ftags&post=86849"}],"curies":[{"name":"wp","href":"https:\/\/api.w.org\/{rel}","templated":true}]}}