{"id":86852,"date":"2025-11-13T08:41:40","date_gmt":"2025-11-13T14:41:40","guid":{"rendered":"https:\/\/zonaroja.com.mx\/?p=86852"},"modified":"2025-11-13T08:41:44","modified_gmt":"2025-11-13T14:41:44","slug":"tras-plagio-por-parte-de-adidas-yalalag-afina-convenio-de-reparacion","status":"publish","type":"post","link":"https:\/\/zonaroja.com.mx\/?p=86852","title":{"rendered":"Tras plagio por parte de Adidas, Yal\u00e1lag afina convenio de reparaci\u00f3n"},"content":{"rendered":"\n<p>Lisbeth Mej\u00eda Reyes\/Zona Roja.<\/p>\n\n\n\n<p>Oaxaca, Oax., a 13 de noviembre de 2025.- El municipio zapoteca de Villa Hidalgo Yal\u00e1lag mantiene el di\u00e1logo con la empresa Adidas para definir la reparaci\u00f3n del da\u00f1o tras el plagio de los huaraches tradicionales de la comunidad.&nbsp;<\/p>\n\n\n\n<p>Ser\u00e1 en pr\u00f3ximas fechas, probablemente en diciembre, cuando est\u00e9 acuerdo se haga p\u00fablico, explicaron el presidente municipal, Eric Ignacio Fabi\u00e1n, y y el asesor jur\u00eddico de la comunidad, Juan Maldonado Vargas.<\/p>\n\n\n\n<p>Este mi\u00e9rcoles, al dar a conocer la expoferia artesanal que tendr\u00e1n los d\u00edas 14 y 15 de noviembre en el Museo de Arte Contempor\u00e1neo y de las Culturas Oaxaque\u00f1as (MACCO), explicaron que aunque el plagio afect\u00f3 a la poblaci\u00f3n tambi\u00e9n ha representado un impulso y proyecci\u00f3n de sus artesan\u00edas.<\/p>\n\n\n\n<p>\u00abFue un tema mundial, elevaron a la comunidad de Yal\u00e1lag porque s\u00ed est\u00e1bamos un olvidados\u00bb, dijo el presidente municipal, quien tambi\u00e9n evit\u00f3 responder si hay planes o no para registrar el dise\u00f1o del huarache ante las autoridades correspondientes.<\/p>\n\n\n\n<p>Por ahora, evitaron dar detalles de lo que contempla o se analiza como reparaci\u00f3n del da\u00f1o. Sin embargo, aclararon que el acuerdo se har\u00e1 p\u00fablico en una actividad que organicen en la poblaci\u00f3n, como ocurri\u00f3 durante la disculpa p\u00fablica en agosto.<\/p>\n\n\n\n<p>\u00abHay muchas posibilidades de lo que se ha planteado y desde luego tenemos que entender tambi\u00e9n que la Ley Federal de Protecci\u00f3n al Patrimonio Cultural de Pueblos y Comunidades Ind\u00edgenas nos da diferentes par\u00e1metros\u00bb, detall\u00f3 el asesor jur\u00eddico.<\/p>\n\n\n\n<p>El secretario de las Culturas y Artes, Flavio Sosa Villavicencio, reiter\u00f3 que de parte del gobierno estatal hay un compromiso en la defensa de los valores culturales de las comunidades de Oaxaca. Sin embargo, aclar\u00f3 que como gobierno estatal han sido muy cuidadosos para que sea la comunidad de Yal\u00e1lag la que llegue al acuerdo con Adidas.<\/p>\n\n\n\n<p>\u00abNosotros solamente coadyuvamos en una primera etapa cuando se hizo la denuncia, el acercamiento\u00bb, apunt\u00f3.<\/p>\n\n\n\n<p>Para este viernes y s\u00e1bado, la comunidad de Villa Hidalgo Yal\u00e1lag estar\u00e1 presente en la ciudad de Oaxaca con una expo feria artesanal en el Museo de Arte Contempor\u00e1neo y de las Culturas Oaxaque\u00f1as (MACCO).<\/p>\n\n\n\n<p>Huaraches, rebozos, huipiles, la bebida tradicional (pozontle) y su m\u00fasica ser\u00e1n parte de esta exposici\u00f3n en donde el p\u00fablico tambi\u00e9n podr\u00e1 adquirir una muestra de su trabajo artesanal.<\/p>\n","protected":false},"excerpt":{"rendered":"<p>Lisbeth Mej\u00eda Reyes\/Zona Roja. Oaxaca, Oax., a 13 de noviembre de 2025.- El municipio zapoteca&hellip;<\/p>\n","protected":false},"author":2,"featured_media":86853,"comment_status":"closed","ping_status":"open","sticky":false,"template":"","format":"standard","meta":{"_lmt_disableupdate":"","_lmt_disable":"","_jetpack_memberships_contains_paid_content":false,"footnotes":""},"categories":[109,46],"tags":[2356],"class_list":["post-86852","post","type-post","status-publish","format-standard","has-post-thumbnail","hentry","category-minuto-a-minuto","category-zona-blanca","tag-villa-hidalgo-yalalag"],"jetpack_featured_media_url":"https:\/\/zonaroja.com.mx\/wp-content\/uploads\/2025\/11\/Seculta-y-Yalalag-expoferia.jpg","jetpack_sharing_enabled":true,"_links":{"self":[{"href":"https:\/\/zonaroja.com.mx\/index.php?rest_route=\/wp\/v2\/posts\/86852","targetHints":{"allow":["GET"]}}],"collection":[{"href":"https:\/\/zonaroja.com.mx\/index.php?rest_route=\/wp\/v2\/posts"}],"about":[{"href":"https:\/\/zonaroja.com.mx\/index.php?rest_route=\/wp\/v2\/types\/post"}],"author":[{"embeddable":true,"href":"https:\/\/zonaroja.com.mx\/index.php?rest_route=\/wp\/v2\/users\/2"}],"replies":[{"embeddable":true,"href":"https:\/\/zonaroja.com.mx\/index.php?rest_route=%2Fwp%2Fv2%2Fcomments&post=86852"}],"version-history":[{"count":1,"href":"https:\/\/zonaroja.com.mx\/index.php?rest_route=\/wp\/v2\/posts\/86852\/revisions"}],"predecessor-version":[{"id":86854,"href":"https:\/\/zonaroja.com.mx\/index.php?rest_route=\/wp\/v2\/posts\/86852\/revisions\/86854"}],"wp:featuredmedia":[{"embeddable":true,"href":"https:\/\/zonaroja.com.mx\/index.php?rest_route=\/wp\/v2\/media\/86853"}],"wp:attachment":[{"href":"https:\/\/zonaroja.com.mx\/index.php?rest_route=%2Fwp%2Fv2%2Fmedia&parent=86852"}],"wp:term":[{"taxonomy":"category","embeddable":true,"href":"https:\/\/zonaroja.com.mx\/index.php?rest_route=%2Fwp%2Fv2%2Fcategories&post=86852"},{"taxonomy":"post_tag","embeddable":true,"href":"https:\/\/zonaroja.com.mx\/index.php?rest_route=%2Fwp%2Fv2%2Ftags&post=86852"}],"curies":[{"name":"wp","href":"https:\/\/api.w.org\/{rel}","templated":true}]}}