{"id":86855,"date":"2025-11-13T11:48:00","date_gmt":"2025-11-13T17:48:00","guid":{"rendered":"https:\/\/zonaroja.com.mx\/?p=86855"},"modified":"2025-11-13T08:49:01","modified_gmt":"2025-11-13T14:49:01","slug":"denuncian-diversas-ong-que-omision-de-autoridades-pone-en-riesgo-a-defensores","status":"publish","type":"post","link":"https:\/\/zonaroja.com.mx\/?p=86855","title":{"rendered":"Denuncian diversas ONG que omisi\u00f3n de autoridades pone en riesgo a defensores"},"content":{"rendered":"\n<p>Ismael Garc\u00eda M.\/Zona Roja.<\/p>\n\n\n\n<p>Oaaxaca, Oax., a 13 de noviembre de 2025.- Organizaciones civiles que integran la Plataforma de Derechos Humanos expresaron su en\u00e9rgico&nbsp;rechazo por el lamentable&nbsp;desempe\u00f1o&nbsp;de diversas instituciones, que ponen en riesgo a las personas defensoras.<\/p>\n\n\n\n<p>Entre ellas, citaron a la Defensor\u00eda de los Derechos Humanos del Pueblo de Oaxaca (DDHPO), el Mecanismo Nacional de Protecci\u00f3n a Personas Defensoras y Periodistas, la Secretar\u00eda de Gobierno y la &nbsp;Secretar\u00eda de Seguridad P\u00fablica y Protecci\u00f3n Ciudadana del Estado de Oaxaca.<\/p>\n\n\n\n<p>Refirieron que que ayer jueves, diversos defensores participaron en una diligencia que ten\u00eda como prop\u00f3sito el desahogo de la prueba pericial, ordenada por una autoridad federal.<\/p>\n\n\n\n<p>\u201cComo es del conocimiento p\u00fablico, las familias y comuneras de Rancho Ardilla y Rancho Minas del Municipio de San Pedro y San Pablo Ayutla Mixe, han venido sufriendo una serie de amenazas, hostigamientos, agresiones \u2013 incluida la sexual- y encarcelamientos arbitrarios por parte de autoridades municipales y agrarias de Tamazulapam del Esp\u00edritu Santo, as\u00ed como de sus agencias de Tierra Blanca y Linda Vista.&nbsp;<\/p>\n\n\n\n<p>\u201cEllo con el objeto de despojarles de sus tierras y pertenencias de manera arbitraria, violando sus&nbsp;derechos humanos.<\/p>\n\n\n\n<p>Todo ello es del conocimiento pleno de la Defensor\u00eda de los Derechos Humanos del Pueblo de&nbsp;Oaxaca (DDHPO), bajo el expediente: DDHPO\/0310\/ (14) \/OAX\/2024, donde inclusive existen medidas cautelares emitidas que el d\u00eda de hoy no fueron atendidas puntualmente\u201d.<\/p>\n\n\n\n<p>Relataron que ayer cuando se apersonaron las v\u00edctimas, el perito oficial del Juzgado D\u00e9cimo de Distrito en el Estado, as\u00ed como varias personas defensoras de derechos humanos, arribaron las autoridades municipales&nbsp;de Tamazulapam del Esp\u00edritu Santo&nbsp;(incluida la s\u00edndica municipal), las autoridades&nbsp;agrarias, los topiles y la polic\u00eda municipal.<\/p>\n\n\n\n<p>\u201cLos cuales,&nbsp;impidieron al&nbsp;perito desarrollar&nbsp;sus actividades, de una manera amenazante y agresiva.&nbsp;No bastaron los argumentos ni explicaciones que&nbsp;se dieron sobre el&nbsp;trabajo de car\u00e1cter t\u00e9cnico&nbsp;e&nbsp;incluso&nbsp;se&nbsp;les mostr\u00f3 el acuerdo&nbsp;donde se establece&nbsp;que \u00e9l es el perito oficial del Juzgado D\u00e9cimo de Distrito,&nbsp;encargado de desahogar la prueba pericial en agrimensura.&nbsp;<\/p>\n\n\n\n<p>\u201cAun as\u00ed argumentaron que&nbsp;ya&nbsp;eran sus terrenos&nbsp;y los obligaron a salir del lugar, escoltados por topiles\u201d, rese\u00f1aron.&nbsp;<\/p>\n\n\n\n<p>Manifestaron su preocupaci\u00f3n por la falta de acciones eficaces para garantizar la&nbsp;seguridad y la integridad&nbsp;de las v\u00edctimas y personas defensoras de derechos humanos, sobre todo ante el riesgo que era inminente por los antecedentes de las agresiones y el abuso de autoridad con el que han venido actuando las autoridades y la poblaci\u00f3n de Tamazulapam del&nbsp;Esp\u00edritu&nbsp;Santo.<\/p>\n\n\n\n<p>\u201cLamentamos la respuesta de la Defensor\u00eda&nbsp;de Derechos Humanos del Pueblo de Oaxaca a la solicitud de intervenci\u00f3n y acompa\u00f1amiento aduciendo que dicha diligencia ata\u00f1e&nbsp;al ejercicio de procuraci\u00f3n de justicia\u2026 con esta interpretaci\u00f3n limitada y sin perspectiva de derechos humanos&nbsp;omite su responsabilidad&nbsp;con la medida precautoria que tiene Laura&nbsp;Cleotilde&nbsp;Morales Ju\u00e1rez y contribuye a que las autoridades violenten e impidan la labor de las personas defensoras\u201d.<\/p>\n\n\n\n<p>Hicieron un llamado en\u00e9rgico al Mecanismo de Protecci\u00f3n para Personas Defensoras de Derechos Humanos y Periodistas, para que asuma con mayor responsabilidad su deber de protecci\u00f3n en tiempo y forma de quienes son beneficiarias de las medidas de protecci\u00f3n como lo es la defensora&nbsp;Laura&nbsp;Cleotilde&nbsp;Morales Ju\u00e1rez, ya que ayer qued\u00f3 evidenciada su lentitud e inacci\u00f3n.<\/p>\n\n\n\n<p>\u201cFrente a un contexto de inseguridad y riesgo que pernea la labor de quienes promueven y defienden los derechos humanos, se hace necesario que exista una coordinaci\u00f3n eficiente entre todas las instituciones del Poder Ejecutivo\u201d, se\u00f1alaron.<\/p>\n","protected":false},"excerpt":{"rendered":"<p>Ismael Garc\u00eda M.\/Zona Roja. Oaaxaca, Oax., a 13 de noviembre de 2025.- Organizaciones civiles que&hellip;<\/p>\n","protected":false},"author":2,"featured_media":72147,"comment_status":"closed","ping_status":"open","sticky":false,"template":"","format":"standard","meta":{"_lmt_disableupdate":"","_lmt_disable":"","_jetpack_memberships_contains_paid_content":false,"footnotes":""},"categories":[109,47],"tags":[],"class_list":["post-86855","post","type-post","status-publish","format-standard","has-post-thumbnail","hentry","category-minuto-a-minuto","category-zona-gris"],"jetpack_featured_media_url":"https:\/\/zonaroja.com.mx\/wp-content\/uploads\/2024\/09\/DDHPO-Defensoria-Derechos-HUmanos.jpeg","jetpack_sharing_enabled":true,"_links":{"self":[{"href":"https:\/\/zonaroja.com.mx\/index.php?rest_route=\/wp\/v2\/posts\/86855","targetHints":{"allow":["GET"]}}],"collection":[{"href":"https:\/\/zonaroja.com.mx\/index.php?rest_route=\/wp\/v2\/posts"}],"about":[{"href":"https:\/\/zonaroja.com.mx\/index.php?rest_route=\/wp\/v2\/types\/post"}],"author":[{"embeddable":true,"href":"https:\/\/zonaroja.com.mx\/index.php?rest_route=\/wp\/v2\/users\/2"}],"replies":[{"embeddable":true,"href":"https:\/\/zonaroja.com.mx\/index.php?rest_route=%2Fwp%2Fv2%2Fcomments&post=86855"}],"version-history":[{"count":1,"href":"https:\/\/zonaroja.com.mx\/index.php?rest_route=\/wp\/v2\/posts\/86855\/revisions"}],"predecessor-version":[{"id":86856,"href":"https:\/\/zonaroja.com.mx\/index.php?rest_route=\/wp\/v2\/posts\/86855\/revisions\/86856"}],"wp:featuredmedia":[{"embeddable":true,"href":"https:\/\/zonaroja.com.mx\/index.php?rest_route=\/wp\/v2\/media\/72147"}],"wp:attachment":[{"href":"https:\/\/zonaroja.com.mx\/index.php?rest_route=%2Fwp%2Fv2%2Fmedia&parent=86855"}],"wp:term":[{"taxonomy":"category","embeddable":true,"href":"https:\/\/zonaroja.com.mx\/index.php?rest_route=%2Fwp%2Fv2%2Fcategories&post=86855"},{"taxonomy":"post_tag","embeddable":true,"href":"https:\/\/zonaroja.com.mx\/index.php?rest_route=%2Fwp%2Fv2%2Ftags&post=86855"}],"curies":[{"name":"wp","href":"https:\/\/api.w.org\/{rel}","templated":true}]}}