{"id":86863,"date":"2025-11-13T18:00:00","date_gmt":"2025-11-14T00:00:00","guid":{"rendered":"https:\/\/zonaroja.com.mx\/?p=86863"},"modified":"2025-11-13T17:07:27","modified_gmt":"2025-11-13T23:07:27","slug":"horror-la-misma-familia-golpeaba-y-torturaba-a-su-pariente-adolescente","status":"publish","type":"post","link":"https:\/\/zonaroja.com.mx\/?p=86863","title":{"rendered":"Horror: la misma familia golpeaba y torturaba a su pariente adolescente\u00a0"},"content":{"rendered":"\n<p>Raymundo Morales\/Zona Roja.<\/p>\n\n\n\n<p>Oaxaca, Oax., a 13 de noviembre de 2025.- Integrantes de una familia de Ocotl\u00e1n de Morelos, ejerci\u00f3 violencia y tortur\u00f3 en varias ocasiones a su pariente, un adolescente de 13 a\u00f1os, por m\u00e1s de un a\u00f1o; en varias ocasiones lo dejaron sin comer.<\/p>\n\n\n\n<p>Del caso, la Fiscal\u00eda General del Estado de Oaxaca (FGEO) dio a conocer hoy que ejecut\u00f3 una serie de \u00f3rdenes de aprehensi\u00f3n en contra de cinco integrantes de una familia, tres mujeres y dos hombres, identificados como M.G.P.P., M.C.G., O.L.C.P., F.L.C.P., y J.A.C.P.<\/p>\n\n\n\n<p>En un comunicado, detall\u00f3 que, de acuerdo con el expediente penal del caso, los hechos ocurrieron desde el 6 de abril de 2023 hasta el 5 de octubre de 2024, en que la v\u00edctima que contaba con apenas 13 a\u00f1os de edad, sufr\u00eda maltratos verbales, f\u00edsicos y psicol\u00f3gicos por parte de su propia familia.&nbsp;<\/p>\n\n\n\n<p>La investigaci\u00f3n establece que la adolescente en el momento de los hechos, viv\u00eda en casa de su t\u00eda M.G.P.P., ubicada en la calle Los Pinos de la colonia Rancho Moreno perteneciente a Ocotl\u00e1n de Morelos, lugar donde tambi\u00e9n habitaban todos los detenidos, (primos de la v\u00edctima) quienes se dedican a criar y vender chivos y borregos.<\/p>\n\n\n\n<p>El informe ministerial revela que la v\u00edctima sufri\u00f3 agresiones f\u00edsicas como quemaduras con tizones de le\u00f1a, as\u00ed como golpes con diferentes objetos como castigo por no cuidar bien el reba\u00f1o o cuando el ganado da\u00f1aba la siembra.<\/p>\n\n\n\n<p>Incluso la dejaban sin comer hasta dos d\u00edas consecutivos, situaci\u00f3n que ocasion\u00f3 en la v\u00edctima una desnutrici\u00f3n severa.<\/p>\n\n\n\n<p>Cuando la FGEO tom\u00f3 conocimiento del caso derivado de la denuncia interpuesta, inici\u00f3 las indagatorias a trav\u00e9s de la Fiscal\u00eda Especializada en Delitos contra la Mujer por Raz\u00f3n de G\u00e9nero, logrando obtener las respectivas \u00f3rdenes de aprehensi\u00f3n por el delito de violencia familiar.<\/p>\n\n\n\n<p>Una vez localizados, M.G.P.P., M.C.G., O.L.C.P., F.L.C.P., y J.A.C.P. fueron detenidos por Agentes Estatales de Investigaci\u00f3n (AEI) y quedaron a disposici\u00f3n del Ministerio P\u00fablico para su certificaci\u00f3n y tr\u00e1mites legales correspondientes.&nbsp;<\/p>\n\n\n\n<p>La Fiscal\u00eda de Oaxaca recalc\u00f3 que est\u00e1 comprometida con brindar investigaciones prontas, especialmente en materia del delito de violencia familiar, pues con esto busca garantizar a las v\u00edctimas procesos de procuraci\u00f3n de justicia eficientes.<\/p>\n","protected":false},"excerpt":{"rendered":"<p>Raymundo Morales\/Zona Roja. Oaxaca, Oax., a 13 de noviembre de 2025.- Integrantes de una familia&hellip;<\/p>\n","protected":false},"author":2,"featured_media":86864,"comment_status":"closed","ping_status":"open","sticky":false,"template":"","format":"standard","meta":{"_lmt_disableupdate":"","_lmt_disable":"","_jetpack_memberships_contains_paid_content":false,"footnotes":""},"categories":[109,46],"tags":[494],"class_list":["post-86863","post","type-post","status-publish","format-standard","has-post-thumbnail","hentry","category-minuto-a-minuto","category-zona-blanca","tag-fiscalia-general-del-estado-de-oaxaca"],"jetpack_featured_media_url":"https:\/\/zonaroja.com.mx\/wp-content\/uploads\/2025\/11\/Adolescente-torturado-por-familia-en-Ocotlan.jpeg","jetpack_sharing_enabled":true,"_links":{"self":[{"href":"https:\/\/zonaroja.com.mx\/index.php?rest_route=\/wp\/v2\/posts\/86863","targetHints":{"allow":["GET"]}}],"collection":[{"href":"https:\/\/zonaroja.com.mx\/index.php?rest_route=\/wp\/v2\/posts"}],"about":[{"href":"https:\/\/zonaroja.com.mx\/index.php?rest_route=\/wp\/v2\/types\/post"}],"author":[{"embeddable":true,"href":"https:\/\/zonaroja.com.mx\/index.php?rest_route=\/wp\/v2\/users\/2"}],"replies":[{"embeddable":true,"href":"https:\/\/zonaroja.com.mx\/index.php?rest_route=%2Fwp%2Fv2%2Fcomments&post=86863"}],"version-history":[{"count":1,"href":"https:\/\/zonaroja.com.mx\/index.php?rest_route=\/wp\/v2\/posts\/86863\/revisions"}],"predecessor-version":[{"id":86865,"href":"https:\/\/zonaroja.com.mx\/index.php?rest_route=\/wp\/v2\/posts\/86863\/revisions\/86865"}],"wp:featuredmedia":[{"embeddable":true,"href":"https:\/\/zonaroja.com.mx\/index.php?rest_route=\/wp\/v2\/media\/86864"}],"wp:attachment":[{"href":"https:\/\/zonaroja.com.mx\/index.php?rest_route=%2Fwp%2Fv2%2Fmedia&parent=86863"}],"wp:term":[{"taxonomy":"category","embeddable":true,"href":"https:\/\/zonaroja.com.mx\/index.php?rest_route=%2Fwp%2Fv2%2Fcategories&post=86863"},{"taxonomy":"post_tag","embeddable":true,"href":"https:\/\/zonaroja.com.mx\/index.php?rest_route=%2Fwp%2Fv2%2Ftags&post=86863"}],"curies":[{"name":"wp","href":"https:\/\/api.w.org\/{rel}","templated":true}]}}