{"id":86869,"date":"2025-11-13T21:26:00","date_gmt":"2025-11-14T03:26:00","guid":{"rendered":"https:\/\/zonaroja.com.mx\/?p=86869"},"modified":"2025-11-13T21:08:33","modified_gmt":"2025-11-14T03:08:33","slug":"suprema-corte-da-reves-a-grupo-salinas-y-mantiene-sentencias","status":"publish","type":"post","link":"https:\/\/zonaroja.com.mx\/?p=86869","title":{"rendered":"Suprema Corte da \u2018rev\u00e9s\u2019 a Grupo Salinas y mantiene sentencias"},"content":{"rendered":"\n<p>Redacci\u00f3n\/Zona Roja Cdmx.<\/p>\n\n\n\n<p>(Informaci\u00f3n de \u201cEl Financiero\u201d)<\/p>\n\n\n\n<p>Ciudad de M\u00e9xico, a 13 de noviembre de 2025.- El pleno de la Suprema Corte de Justicia de la Naci\u00f3n (SCJN) dio sendos reveses a Grupo Salinas, al resolver 17 expedientes, todos votados por unanimidad, contra Grupo Elektra y Tv Azteca, del empresario Ricardo Salinas Pliego.<\/p>\n\n\n\n<p>Con estas sentencias (nueve recursos de revisi\u00f3n, dos impedimentos y seis amparos directos en revisi\u00f3n) no se modifica ninguna de las sentencias de jueces y tribunales contra Grupo Elektra y Tv Azteca, que las obligan al pago de cr\u00e9ditos fiscales que acumulados suman alrededor de 40 mil millones de pesos.<\/p>\n\n\n\n<p>Entre los asuntos que resolvieron las y los ministros est\u00e1n los recursos de reclamaci\u00f3n 544\/2024, 528\/2025 y 503\/2025; as\u00ed como los amparos directos en revisi\u00f3n 5654\/2024, 5608\/2025, 5145\/2025 y 5731\/2025 promovidos por la Secretar\u00eda de Hacienda, el Sistema de Administraci\u00f3n Tributaria (SAT) y otros por las empresas de Grupo Salinas.<\/p>\n\n\n\n<p>En estos, se litigaba que la SCJN entrara al fondo del asunto de los amparos en revisi\u00f3n 6321\/2024, 5642\/2024 7 5608\/2024, la autoridad ped\u00eda que no lo hiciera y la empresa que ped\u00eda que s\u00ed lo hiciera.<\/p>\n\n\n\n<p>Por unanimidad las y los ministros resolvieron (a propuesta de los ministros Hugo Aguilar Ortiz, Ar\u00edstides Rodrigo Guerrero, y las ministras Yasm\u00edn Esquivel y Loretta Ortiz y Sara Irene Herrer\u00edas), desechar dichos recursos y no entrar al estudio de fondo de los asuntos.<\/p>\n\n\n\n<p>Estimaron que, aun cuando subsisten temas de constitucionalidad, por ahora ninguno de estos casos re\u00fane los requisitos de \u201cimportancia y trascendencia\u201d en materia constitucional o de Derechos Humanos para que el Tribunal Constitucional los resuelva.<\/p>\n\n\n\n<p>Las y los ministros, agregaron que, adem\u00e1s, no se advierte que de su estudio se puedan derivar temas de \u201cinter\u00e9s excepcional\u201d o \u201ccriterios novedosos\u201d.<\/p>\n\n\n\n<p>Cabe destacar que en la discusi\u00f3n de dos de los casos no particip\u00f3 la ministra Lenia Batres, pues durante la pasada integraci\u00f3n ya hab\u00eda sido declarada impedida, decisi\u00f3n con la cual hoy reiter\u00f3 su desacuerdo.<\/p>\n\n\n\n<p>n otros casos, el pleno de ministras y ministros resolvi\u00f3 una serie de impedimentos promovidos por Grupo Elektra por en los que se solicit\u00f3 la excusa de los ministros Alberto P\u00e9rez Day\u00e1n, Javier Laynez y las ministras Lenia Batres y Yazm\u00edn Esquivel.<\/p>\n\n\n\n<p>En los casos de los ministros P\u00e9rez Day\u00e1n y Laynez, los recursos se calificaron \u201csin materia\u201d, ya que, se explic\u00f3, ambos ministros ya concluyeron su encargo y, por tanto, ya no est\u00e1n en funciones en la SCJN.<\/p>\n\n\n\n<p>Para el caso de los impedimentos de las ministras Lenia Batres, Yasm\u00edn Esquivel tambi\u00e9n se declararon \u201cde no legal\u201d. Las y los ministros determinaron que ninguna de las causales de los planteamientos de Grupo Elektra alcanza el est\u00e1ndar para retirar a ministras de la discusi\u00f3n del caso.<\/p>\n\n\n\n<p>Se\u00f1alaron que los planteamientos de alineamiento pol\u00edtico, adelanto de criterio, participaci\u00f3n en medios y presi\u00f3n p\u00fablica, son \u201capreciaciones subjetivas\u201d y no est\u00e1n respaldadas por elementos objetivos que permitan acreditar una apariencia razonable de p\u00e9rdida de imparcialidad.<\/p>\n\n\n\n<p>Adem\u00e1s de que los dichos de las ministras Esquivel y Batres nada tienen que ver con el contenido del expediente que resolver\u00e1 la SCJN.<\/p>\n\n\n\n<p>En el caso de la ministra Batres, se agreg\u00f3 que sus opiniones sobre la empresa y su due\u00f1o fueron hechas en 2020 y 2021, cuando a\u00fan no era ministra, adem\u00e1s de que estas no pueden someterse retroactivamente a la mesura judicial.<\/p>\n\n\n\n<p>En la discusi\u00f3n de estos casos ambas ministras plantearon su excusa de participar en esta discusi\u00f3n, solo la ministra Esquivel abandon\u00f3 la Sala, al igual que lo hizo la ministra Mar\u00eda Estela R\u00edos quien consider\u00f3 tener un conflicto de inter\u00e9s en este caso; Batres permaneci\u00f3 siempre en la Sala.<\/p>\n\n\n\n<p>En uno de estos casos, la sentencia incluy\u00f3, adem\u00e1s, una multa, cuyo monto no se dio a conocer, a Grupo Elektra por pr\u00e1cticas dilatorias del proceso.<\/p>\n","protected":false},"excerpt":{"rendered":"<p>Redacci\u00f3n\/Zona Roja Cdmx. (Informaci\u00f3n de \u201cEl Financiero\u201d) Ciudad de M\u00e9xico, a 13 de noviembre de&hellip;<\/p>\n","protected":false},"author":2,"featured_media":86870,"comment_status":"closed","ping_status":"open","sticky":false,"template":"","format":"standard","meta":{"_lmt_disableupdate":"","_lmt_disable":"","_jetpack_memberships_contains_paid_content":false,"footnotes":""},"categories":[109,47],"tags":[904],"class_list":["post-86869","post","type-post","status-publish","format-standard","has-post-thumbnail","hentry","category-minuto-a-minuto","category-zona-gris","tag-ricardo-salinas-pliego"],"jetpack_featured_media_url":"https:\/\/zonaroja.com.mx\/wp-content\/uploads\/2025\/11\/Ricardo-Salinas-Pliego-Grupo-Salinas.jpg","jetpack_sharing_enabled":true,"_links":{"self":[{"href":"https:\/\/zonaroja.com.mx\/index.php?rest_route=\/wp\/v2\/posts\/86869","targetHints":{"allow":["GET"]}}],"collection":[{"href":"https:\/\/zonaroja.com.mx\/index.php?rest_route=\/wp\/v2\/posts"}],"about":[{"href":"https:\/\/zonaroja.com.mx\/index.php?rest_route=\/wp\/v2\/types\/post"}],"author":[{"embeddable":true,"href":"https:\/\/zonaroja.com.mx\/index.php?rest_route=\/wp\/v2\/users\/2"}],"replies":[{"embeddable":true,"href":"https:\/\/zonaroja.com.mx\/index.php?rest_route=%2Fwp%2Fv2%2Fcomments&post=86869"}],"version-history":[{"count":1,"href":"https:\/\/zonaroja.com.mx\/index.php?rest_route=\/wp\/v2\/posts\/86869\/revisions"}],"predecessor-version":[{"id":86871,"href":"https:\/\/zonaroja.com.mx\/index.php?rest_route=\/wp\/v2\/posts\/86869\/revisions\/86871"}],"wp:featuredmedia":[{"embeddable":true,"href":"https:\/\/zonaroja.com.mx\/index.php?rest_route=\/wp\/v2\/media\/86870"}],"wp:attachment":[{"href":"https:\/\/zonaroja.com.mx\/index.php?rest_route=%2Fwp%2Fv2%2Fmedia&parent=86869"}],"wp:term":[{"taxonomy":"category","embeddable":true,"href":"https:\/\/zonaroja.com.mx\/index.php?rest_route=%2Fwp%2Fv2%2Fcategories&post=86869"},{"taxonomy":"post_tag","embeddable":true,"href":"https:\/\/zonaroja.com.mx\/index.php?rest_route=%2Fwp%2Fv2%2Ftags&post=86869"}],"curies":[{"name":"wp","href":"https:\/\/api.w.org\/{rel}","templated":true}]}}