{"id":8687,"date":"2020-02-12T12:54:42","date_gmt":"2020-02-12T18:54:42","guid":{"rendered":"https:\/\/www.zonaroja.com.mx\/?p=8687"},"modified":"2020-02-12T20:21:19","modified_gmt":"2020-02-13T02:21:19","slug":"normalistas-encapuchados-se-movilizan-cierran-calles-y-toman-camiones","status":"publish","type":"post","link":"https:\/\/zonaroja.com.mx\/?p=8687","title":{"rendered":"Normalistas encapuchados se movilizan, cierran calles y \u201ctoman\u201d camiones"},"content":{"rendered":"\n<p class=\"gmail-MsoNoSpacing\">Yuridiana Sosa\/Zona Roja.&nbsp;<\/p>\n\n\n\n<p class=\"gmail-MsoNoSpacing\">Oaxaca de Ju\u00e1rez, Oax., 12 de febrero de 2020.- Estudiantes del Centro Regional de Educaci\u00f3n Normal de Oaxaca (CRENO) se apoderaron hoy de unidades del transporte p\u00fablico para bloquear las calles del\u00a0<a href=\"\/\/1\">Centro Hist\u00f3rico de Oaxaca,<\/a>\u00a0en la exigencia de\u00a0\u00a0matriculas educativas.<\/p>\n\n\n\n<p class=\"gmail-MsoNoSpacing\">Cubiertos del rostro, para no ser identificados, los normalistas comenzaron su movilizaci\u00f3n minutos antes&nbsp;<a href=\"\/\/2\">de las 10:00<\/a>&nbsp;horas, logrando de manera inmediato graves afectaciones en la circulaci\u00f3n vial en la capital, donde establecieron tres bloqueos.<\/p>\n\n\n\n<p class=\"gmail-MsoNoSpacing\">Sin identificarse, la comisi\u00f3n de Propaganda y Prensa de los estudiantes indic\u00f3 que los alumnos del primer a\u00f1o, cursan su segundo semestre sin matr\u00edculas, por lo que consideran que sus estudios est\u00e1n en riesgo.<\/p>\n\n\n\n<p class=\"gmail-MsoNoSpacing\">La falta de n\u00fameros de control afecta a cerca de 140 normalistas que estudian para docencia en nivel Primaria y Educaci\u00f3n F\u00edsica.<\/p>\n\n\n\n<p class=\"gmail-MsoNoSpacing\">De acuerdo a los estudiantes, la direcci\u00f3n del CRENO no ofrece una respuesta al problema y excusa que la Direcci\u00f3n General de Educaci\u00f3n Superior para Profesionales de la Educaci\u00f3n es la responsable de la tardanza.<\/p>\n\n\n\n<p class=\"gmail-MsoNoSpacing\">Para exigir al gobierno federal una respuesta inmediata, los futuros docentes comenzaron con la movilizaci\u00f3n, la cual sentenciaron podr\u00eda extenderse o realizar otras acciones de no tener soluci\u00f3n inmediata o respuesta favorable.&nbsp;<\/p>\n\n\n\n<p class=\"gmail-MsoNoSpacing\"><strong>Los puntos afectados:<\/strong><\/p>\n\n\n\n<p class=\"gmail-MsoNoSpacing\"><a href=\"\/\/3\">Calle de Independencia<\/a>&nbsp;con D\u00edaz Ordaz<\/p>\n\n\n\n<p class=\"gmail-MsoNoSpacing\">Hidalgo con D\u00edaz Ordaz&nbsp;<\/p>\n\n\n\n<p class=\"gmail-MsoNoSpacing\"><a href=\"\/\/4\">Calle de Independencia<\/a> y JP Garc\u00eda<\/p>\n","protected":false},"excerpt":{"rendered":"<p>Yuridiana Sosa\/Zona Roja.&nbsp; Oaxaca de Ju\u00e1rez, Oax., 12 de febrero de 2020.- Estudiantes del Centro&hellip;<\/p>\n","protected":false},"author":2,"featured_media":8686,"comment_status":"closed","ping_status":"open","sticky":false,"template":"","format":"standard","meta":{"_lmt_disableupdate":"","_lmt_disable":"","_jetpack_memberships_contains_paid_content":false,"footnotes":""},"categories":[109,47],"tags":[],"class_list":["post-8687","post","type-post","status-publish","format-standard","has-post-thumbnail","hentry","category-minuto-a-minuto","category-zona-gris"],"jetpack_featured_media_url":"https:\/\/zonaroja.com.mx\/wp-content\/uploads\/2020\/02\/2ff56612-9fb4-4a28-b5fb-08ebecce0dfe.jpg","jetpack_sharing_enabled":true,"_links":{"self":[{"href":"https:\/\/zonaroja.com.mx\/index.php?rest_route=\/wp\/v2\/posts\/8687","targetHints":{"allow":["GET"]}}],"collection":[{"href":"https:\/\/zonaroja.com.mx\/index.php?rest_route=\/wp\/v2\/posts"}],"about":[{"href":"https:\/\/zonaroja.com.mx\/index.php?rest_route=\/wp\/v2\/types\/post"}],"author":[{"embeddable":true,"href":"https:\/\/zonaroja.com.mx\/index.php?rest_route=\/wp\/v2\/users\/2"}],"replies":[{"embeddable":true,"href":"https:\/\/zonaroja.com.mx\/index.php?rest_route=%2Fwp%2Fv2%2Fcomments&post=8687"}],"version-history":[{"count":2,"href":"https:\/\/zonaroja.com.mx\/index.php?rest_route=\/wp\/v2\/posts\/8687\/revisions"}],"predecessor-version":[{"id":8698,"href":"https:\/\/zonaroja.com.mx\/index.php?rest_route=\/wp\/v2\/posts\/8687\/revisions\/8698"}],"wp:featuredmedia":[{"embeddable":true,"href":"https:\/\/zonaroja.com.mx\/index.php?rest_route=\/wp\/v2\/media\/8686"}],"wp:attachment":[{"href":"https:\/\/zonaroja.com.mx\/index.php?rest_route=%2Fwp%2Fv2%2Fmedia&parent=8687"}],"wp:term":[{"taxonomy":"category","embeddable":true,"href":"https:\/\/zonaroja.com.mx\/index.php?rest_route=%2Fwp%2Fv2%2Fcategories&post=8687"},{"taxonomy":"post_tag","embeddable":true,"href":"https:\/\/zonaroja.com.mx\/index.php?rest_route=%2Fwp%2Fv2%2Ftags&post=8687"}],"curies":[{"name":"wp","href":"https:\/\/api.w.org\/{rel}","templated":true}]}}