{"id":86875,"date":"2025-11-13T21:39:28","date_gmt":"2025-11-14T03:39:28","guid":{"rendered":"https:\/\/zonaroja.com.mx\/?p=86875"},"modified":"2025-11-13T21:39:30","modified_gmt":"2025-11-14T03:39:30","slug":"tras-violencia-en-palacio-nacional-la-cnte-amaga-con-nuevo-paro-indefinido","status":"publish","type":"post","link":"https:\/\/zonaroja.com.mx\/?p=86875","title":{"rendered":"Tras violencia en Palacio Nacional, la CNTE amaga con nuevo paro indefinido"},"content":{"rendered":"\n<p>Lisbeth Mej\u00eda Reyes\/Zona Roja.<\/p>\n\n\n\n<p>Oaxaca, Oax., a 13 de noviembre de 2025.- La Coordinadora Nacional de Trabajadores de la Educaci\u00f3n (CNTE) advirti\u00f3 este jueves que emprender\u00e1 un nuevo paro indefinido si el gobierno federal no atiende sus demandas centrales que incluyen la abrogaci\u00f3n de la ley del ISSSTE del 2007 y la reforma educativa.<\/p>\n\n\n\n<p>As\u00ed lo se\u00f1al\u00f3 la secretaria general de la Secci\u00f3n 22 del magisterio oaxaque\u00f1o, Yenny Araceli P\u00e9rez Mart\u00ednez, durante el primer d\u00eda del paro de 48 horas en la Ciudad de M\u00e9xico.&nbsp;<\/p>\n\n\n\n<p>Entre gritos, docentes sindicalizados de otros estados tambi\u00e9n adelantaron que el paro indefinido podr\u00eda boicotear el Mundial de Futbol del 2026.<\/p>\n\n\n\n<p>\u00abSi no hay soluci\u00f3n, este movimiento sabe hacer lo propio, ya tuvimos un paro de 24 horas, estamos en el de 48, vamos a ir por un paro de 72 horas e, indudablemente, si no hay una soluci\u00f3n concreta a nuestras demandas nos vamos a un paro indefinido\u00bb, expres\u00f3 P\u00e9rez Mart\u00ednez en torno al palacio legislativo de San L\u00e1zaro, en la capital del pa\u00eds.<\/p>\n\n\n\n<p>Ante un grupo de diputados federales y de integrantes de otras secciones sindicales del pa\u00eds adheridas a la CNTE y al Sindicato Nacional de Trabajadores de la Educaci\u00f3n (SNTE), P\u00e9rez Mart\u00ednez se\u00f1al\u00f3 que depender\u00e1 de la voluntad del ejecutivo federal en dar soluci\u00f3n a sus demandas.<\/p>\n\n\n\n<p>A nombre de la CNTE, que agrupa a otras secciones sindicales de Chiapas, Michoac\u00e1n y Zacatecas, la dirigente oaxaque\u00f1a expres\u00f3 que, contrario al discurso de la secretaria de Gobernaci\u00f3n, Rosa Icela Rodr\u00edguez, la presidenta Claudia Sheinbaum se ha cerrado al di\u00e1logo e incluso los ha reprimido.&nbsp;<\/p>\n\n\n\n<p>Adem\u00e1s de que las soluciones otorgadas hasta la fecha son parciales y siguen afectando los derechos de las y los trabajadores del Estado.<\/p>\n\n\n\n<p>Este jueves, la CNTE emprendi\u00f3 un paro de 48 horas en la Ciudad de M\u00e9xico y otros estados como Oaxaca en donde tiene presencia la Secci\u00f3n 22.&nbsp;<\/p>\n\n\n\n<p>Las acciones en Oaxaca abarcaron la toma de plazas comerciales en la capital y en otras regiones. El paro continuar\u00e1 este viernes.<\/p>\n","protected":false},"excerpt":{"rendered":"<p>Lisbeth Mej\u00eda Reyes\/Zona Roja. Oaxaca, Oax., a 13 de noviembre de 2025.- La Coordinadora Nacional&hellip;<\/p>\n","protected":false},"author":2,"featured_media":86876,"comment_status":"closed","ping_status":"open","sticky":false,"template":"","format":"standard","meta":{"_lmt_disableupdate":"","_lmt_disable":"","_jetpack_memberships_contains_paid_content":false,"footnotes":""},"categories":[109,47],"tags":[1283,312],"class_list":["post-86875","post","type-post","status-publish","format-standard","has-post-thumbnail","hentry","category-minuto-a-minuto","category-zona-gris","tag-coordinadora-nacional-de-trabajadores-de-la-educacion-cnte","tag-seccion-22-del-snte"],"jetpack_featured_media_url":"https:\/\/zonaroja.com.mx\/wp-content\/uploads\/2025\/11\/Planton-Seccion-22-paro-48-horas-Oaxaca.jpg","jetpack_sharing_enabled":true,"_links":{"self":[{"href":"https:\/\/zonaroja.com.mx\/index.php?rest_route=\/wp\/v2\/posts\/86875","targetHints":{"allow":["GET"]}}],"collection":[{"href":"https:\/\/zonaroja.com.mx\/index.php?rest_route=\/wp\/v2\/posts"}],"about":[{"href":"https:\/\/zonaroja.com.mx\/index.php?rest_route=\/wp\/v2\/types\/post"}],"author":[{"embeddable":true,"href":"https:\/\/zonaroja.com.mx\/index.php?rest_route=\/wp\/v2\/users\/2"}],"replies":[{"embeddable":true,"href":"https:\/\/zonaroja.com.mx\/index.php?rest_route=%2Fwp%2Fv2%2Fcomments&post=86875"}],"version-history":[{"count":1,"href":"https:\/\/zonaroja.com.mx\/index.php?rest_route=\/wp\/v2\/posts\/86875\/revisions"}],"predecessor-version":[{"id":86877,"href":"https:\/\/zonaroja.com.mx\/index.php?rest_route=\/wp\/v2\/posts\/86875\/revisions\/86877"}],"wp:featuredmedia":[{"embeddable":true,"href":"https:\/\/zonaroja.com.mx\/index.php?rest_route=\/wp\/v2\/media\/86876"}],"wp:attachment":[{"href":"https:\/\/zonaroja.com.mx\/index.php?rest_route=%2Fwp%2Fv2%2Fmedia&parent=86875"}],"wp:term":[{"taxonomy":"category","embeddable":true,"href":"https:\/\/zonaroja.com.mx\/index.php?rest_route=%2Fwp%2Fv2%2Fcategories&post=86875"},{"taxonomy":"post_tag","embeddable":true,"href":"https:\/\/zonaroja.com.mx\/index.php?rest_route=%2Fwp%2Fv2%2Ftags&post=86875"}],"curies":[{"name":"wp","href":"https:\/\/api.w.org\/{rel}","templated":true}]}}