{"id":86888,"date":"2025-11-14T09:15:00","date_gmt":"2025-11-14T15:15:00","guid":{"rendered":"https:\/\/zonaroja.com.mx\/?p=86888"},"modified":"2025-11-14T06:55:26","modified_gmt":"2025-11-14T12:55:26","slug":"poetas-irma-pineda-y-natalia-toledo-se-pronuncian-ante-la-violencia-en-juchitan","status":"publish","type":"post","link":"https:\/\/zonaroja.com.mx\/?p=86888","title":{"rendered":"Poetas Irma Pineda y Natalia Toledo se pronuncian ante la violencia en Juchit\u00e1n"},"content":{"rendered":"\n<p>Lisbeth Mej\u00eda Reyes\/Zona Roja. Foto: Cortes\u00eda.<\/p>\n\n\n\n<p>Oaxaca, Oax., a 14 de noviembre de 2025.- \u201d\u00bfEn qu\u00e9 momento nos acostumbramos a vivir as\u00ed?\u00bb&nbsp;<\/p>\n\n\n\n<p>Esa es la pregunta con la que la poeta y legisladora Irma Pineda Santiago habl\u00f3 sobre la violencia en Juchit\u00e1n de Zaragoza, ciudad en la que fueron asesinadas tres mujeres en esta semana, una de ellas Noelia Daylen, de apenas cuatro a\u00f1os de edad.&nbsp;<\/p>\n\n\n\n<p>Como Pineda, la tambi\u00e9n escritora Natalia Toledo se pronunci\u00f3 nuevamente por la tierra que las vio nacer y en la que est\u00e1n las ra\u00edces zapotecas de su padre, el fallecido artista Francisco Toledo.<\/p>\n\n\n\n<p>\u00abDescansa en paz querida Noelia, soy tu paisana, peque\u00f1a, y te ofrezco una disculpa por no haber podido evitar tu muerte, no debiste morir mi xhunca hermosa. Descansa\u00bb, fue el mensaje de Natalia tras confirmarse la muerte de Noelia, quien antes fue reportada como desaparecida.<\/p>\n\n\n\n<p>Previo al feminicidio de Noelia, la legisladora Irma Pineda se refiri\u00f3 al triple homicidio en que falleci\u00f3 la madre de la menor, Adilene, y cuando la ni\u00f1a desapareci\u00f3.<\/p>\n\n\n\n<p>\u00ab\u00bfEn qu\u00e9 momento nos acostumbramos a vivir as\u00ed? \u00bfEn qu\u00e9 momento la ambici\u00f3n se adue\u00f1\u00f3 de los corazones de quienes deb\u00edan ser nuestros cuidadores, guardianes del orden y la justicia? \u00bfEste es el costo del progreso? \u00bfCu\u00e1ntos muertos m\u00e1s deben existir en Juchit\u00e1n, en el Istmo y en todo Oaxaca, para que las autoridades realmente asuman con seriedad su labor y compromiso con la ciudadan\u00eda?\u00bb, se pregunt\u00f3 Pineda Santiago.<\/p>\n\n\n\n<p>La tambi\u00e9n poeta Natalia Toledo, quien meses antes lamentaba la violencia en su tierra natal, expres\u00f3 que \u00abJuchit\u00e1n es una balacera constante\u00bb, en la que los \u00abj\u00f3venes ejecutados por manos que siguen libres\u00bb son criminalizados.<\/p>\n\n\n\n<p>\u00abLa respuesta es, &#8216;estaban con el crimen organizado&#8217;. Entonces nos toca a todos trabajar con los m\u00e1s peque\u00f1os y denunciar a los que los corrompen con dinero y drogas. Hagan su trabajo y dejen de publicar fotos donde los \u00fanicos felices de vivir en un cielo lleno de p\u00f3lvora, son ustedes\u00bb, expres\u00f3 en sus redes sociales.<\/p>\n\n\n\n<p>Juchit\u00e1n de ha convertido en el municipio m\u00e1s violento del estado de Oaxaca en lo que va del 2025. De enero a octubre, se han registrado 72 homicidios dolosos (66 de hombres y seis de mujeres) y un feminicidio. A estos se suman los tres homicidios del 10 de noviembre y el de la ni\u00f1a Noelia.&nbsp;<\/p>\n\n\n\n<p>De acuerdo con datos de la Fiscal\u00eda General del Estado de Oaxaca, en la entidad se han reportado 663 homicidios de hombres entre enero y octubre. La mayor\u00eda han ocurrido en la regi\u00f3n Istmo de Tehuantepec, 216.&nbsp;<\/p>\n\n\n\n<p>En cuanto a homicidios dolosos de mujeres, son 61 en ese mismo periodo, con Juchit\u00e1n en primer lugar (con seis).<\/p>\n\n\n\n<p>Tras el asesinato de Noelia, el Grupo de Estudios sobre la Mujer \u201cRosario Castellanos\u201d (GES Mujer) conden\u00f3 el hecho y exigi\u00f3 a las autoridades garantizar la justicia, pero tambi\u00e9n aplicar medidas urgentes y espec\u00edficas para la prevenci\u00f3n, sanci\u00f3n y erradicaci\u00f3n de la violencia en contra de las mujeres y de la ni\u00f1as, ni\u00f1os y adolescentes.<\/p>\n\n\n\n<p>En el caso de los homicidios dolosos de menores de edad (0 a 17 a\u00f1os), se estima que en lo que va del a\u00f1o son al menos 18 las ni\u00f1as, ni\u00f1os y adolescentes las v\u00edctimas de estos en el estado de Oaxaca. Lo anterior de acuerdo con la Red por los Derechos de la Infancia (Redim) y el seguimiento hemerogr\u00e1fico de los casos.<\/p>\n","protected":false},"excerpt":{"rendered":"<p>Lisbeth Mej\u00eda Reyes\/Zona Roja. Foto: Cortes\u00eda. Oaxaca, Oax., a 14 de noviembre de 2025.- \u201d\u00bfEn&hellip;<\/p>\n","protected":false},"author":2,"featured_media":86889,"comment_status":"closed","ping_status":"open","sticky":false,"template":"","format":"standard","meta":{"_lmt_disableupdate":"","_lmt_disable":"","_jetpack_memberships_contains_paid_content":false,"footnotes":""},"categories":[109,47],"tags":[123,4519],"class_list":["post-86888","post","type-post","status-publish","format-standard","has-post-thumbnail","hentry","category-minuto-a-minuto","category-zona-gris","tag-juchitan-de-zaragoza","tag-noelia-daylen-s-g"],"jetpack_featured_media_url":"https:\/\/zonaroja.com.mx\/wp-content\/uploads\/2025\/11\/Sepelia-Noelia-Daylen-Juchitan.jpg","jetpack_sharing_enabled":true,"_links":{"self":[{"href":"https:\/\/zonaroja.com.mx\/index.php?rest_route=\/wp\/v2\/posts\/86888","targetHints":{"allow":["GET"]}}],"collection":[{"href":"https:\/\/zonaroja.com.mx\/index.php?rest_route=\/wp\/v2\/posts"}],"about":[{"href":"https:\/\/zonaroja.com.mx\/index.php?rest_route=\/wp\/v2\/types\/post"}],"author":[{"embeddable":true,"href":"https:\/\/zonaroja.com.mx\/index.php?rest_route=\/wp\/v2\/users\/2"}],"replies":[{"embeddable":true,"href":"https:\/\/zonaroja.com.mx\/index.php?rest_route=%2Fwp%2Fv2%2Fcomments&post=86888"}],"version-history":[{"count":1,"href":"https:\/\/zonaroja.com.mx\/index.php?rest_route=\/wp\/v2\/posts\/86888\/revisions"}],"predecessor-version":[{"id":86890,"href":"https:\/\/zonaroja.com.mx\/index.php?rest_route=\/wp\/v2\/posts\/86888\/revisions\/86890"}],"wp:featuredmedia":[{"embeddable":true,"href":"https:\/\/zonaroja.com.mx\/index.php?rest_route=\/wp\/v2\/media\/86889"}],"wp:attachment":[{"href":"https:\/\/zonaroja.com.mx\/index.php?rest_route=%2Fwp%2Fv2%2Fmedia&parent=86888"}],"wp:term":[{"taxonomy":"category","embeddable":true,"href":"https:\/\/zonaroja.com.mx\/index.php?rest_route=%2Fwp%2Fv2%2Fcategories&post=86888"},{"taxonomy":"post_tag","embeddable":true,"href":"https:\/\/zonaroja.com.mx\/index.php?rest_route=%2Fwp%2Fv2%2Ftags&post=86888"}],"curies":[{"name":"wp","href":"https:\/\/api.w.org\/{rel}","templated":true}]}}