{"id":8689,"date":"2020-02-12T17:15:24","date_gmt":"2020-02-12T23:15:24","guid":{"rendered":"http:\/\/www.zonaroja.com.mx\/?p=8689"},"modified":"2020-02-12T17:15:27","modified_gmt":"2020-02-12T23:15:27","slug":"acuerdan-oaxaca-y-veracruz-intervenciones-y-filtros-de-revision-en-8-municipios","status":"publish","type":"post","link":"https:\/\/zonaroja.com.mx\/?p=8689","title":{"rendered":"Acuerdan Oaxaca y Veracruz intervenciones y filtros de revisi\u00f3n en 8 municipios"},"content":{"rendered":"\n<p>Yuridiana\nSosa\/Zona Roja.<\/p>\n\n\n\n<p>San Juan\nBautista Tuxtepec, Oax., 12de febrero de 2020.- Las autoridades estatales de\nOaxaca y Veracruz, en coordinaci\u00f3n con las fuerzas de seguridad a nivel\nfederal, anunciaron el inicio de un operativo para \u201cla construcci\u00f3n de la paz y\nseguridad\u201d en ambos estados en la zona com\u00fan de la Cuenca del Papaloapan.<\/p>\n\n\n\n<p>Este\nmi\u00e9rcoles, los gobernadores Alejandro Murat Hinojosa, de Oaxaca, y Cuitl\u00e1huac\nGarc\u00eda, de Veracruz, sostuvieron una reuni\u00f3n de coordinaci\u00f3n interestatal para\nabordar el problema de inseguridad que comparten en los l\u00edmites de ambos\nestados, misma que tuvo como sede el municipio de Tuxtepec.<\/p>\n\n\n\n<p>Tras el\nencuentro, que tard\u00f3 cerca de tres horas, los gobernadores anunciaron la\nintervenci\u00f3n y la instalaci\u00f3n de puestos de seguridad, filtros de revisi\u00f3n en\nzonas lacustres y r\u00edos ubicados en la zona, as\u00ed como el despliegue de un\noperativo, como parte de las acciones operativas, de inteligencia y jur\u00eddicas.<\/p>\n\n\n\n<p>El\ngobernador de Oaxaca detall\u00f3 que la zona norte de Oaxaca el \u00e1rea en la que se\nllevar\u00e1 a cabo la intervenci\u00f3n es en los municipios de San Juan Bautista\nTuxtepec, San Felipe Jalapa de D\u00edaz, San Miguel Soyaltepec, Loma Bonita,\nAcatl\u00e1n de P\u00e9rez Figueroa, San Pedro Ixcatl\u00e1n, San Juan Lalana, y Huautla de\nJim\u00e9nez.<\/p>\n\n\n\n<p>Mientras\nque, en la zona colindante, de lado de Veracruz se aplicar\u00e1 la acci\u00f3n en los\nmunicipios de Tierra Banca, Playa Vicente, Sayula de Alarc\u00f3n, Santiago\nSochiapan, Jes\u00fas Carranza y Tezonapa.<\/p>\n\n\n\n<p>En estas acciones participar\u00e1n la Guardia Nacional, la Secretar\u00eda de la Marina y la Secretar\u00eda de la Defensa, as\u00ed como las polic\u00edas estatales, las Fiscal\u00edas Generales de Veracruz y Oaxaca, as\u00ed como la Fiscal\u00eda General de la Rep\u00fablica y el Centro Nacional de Inteligencia.<\/p>\n\n\n\n<figure class=\"wp-block-embed-twitter wp-block-embed is-type-rich is-provider-twitter\"><div class=\"wp-block-embed__wrapper\">\n<div class=\"twitter-tweet\"><blockquote class=\"twitter-tweet\" data-lang=\"es\"><p lang=\"es\" dir=\"ltr\"><a href=\"https:\/\/twitter.com\/hashtag\/%C3%9AltimoMinuto?src=hash&amp;ref_src=twsrc%5Etfw\">#\u00daltimoMinuto<\/a><br>El mandatario de Veracruz, <a href=\"https:\/\/twitter.com\/CuitlahuacGJ?ref_src=twsrc%5Etfw\">@CuitlahuacGJ<\/a>, destac\u00f3 la colaboraci\u00f3n que habr\u00e1 con el <a href=\"https:\/\/twitter.com\/GobOax?ref_src=twsrc%5Etfw\">@GobOax<\/a> a fin de combatir la incidencia delictiva en la regi\u00f3n de la Cuenca, donde colindan ambos estados. <br>Videos; <a href=\"https:\/\/twitter.com\/YuriSosa04?ref_src=twsrc%5Etfw\">@YuriSosa04<\/a> <a href=\"https:\/\/t.co\/nBjaiTGCQk\">pic.twitter.com\/nBjaiTGCQk<\/a><\/p>&mdash; Zona Roja Oaxaca (@MexRoja) <a href=\"https:\/\/twitter.com\/MexRoja\/status\/1227703790989692930?ref_src=twsrc%5Etfw\">12 de febrero de 2020<\/a><\/blockquote><\/div>\n<\/div><\/figure>\n\n\n\n<p>En otro\ndespliegue se llevar\u00e1n a cabo la instalaci\u00f3n de puestos de seguridad integrados\ncon la Guardia Nacional y la Polic\u00eda Estatal, filtros de revisi\u00f3n en zonas\nlacustres y r\u00edos ubicados en la zona, as\u00ed como un operativo para atender el\npol\u00edgono estrat\u00e9gico que comprende los municipios oaxaque\u00f1os de Acatl\u00e1n, Huautla\nde Jim\u00e9nez, San Miguel Soyaltepec, Loma Bonita, Tuxtepec, Jalapa de D\u00edaz,\nChilchotla, Arroyo Choapam y de la parte de Veracruz, Tierra Blanca.<\/p>\n\n\n\n<p>Durante su\nintervenci\u00f3n, el gobernador de Veracruz, Cuitl\u00e1huac Garc\u00eda, indic\u00f3 que estas\nestrategias, firmadas en un convenio, requieren de una coordinaci\u00f3n estrecha\nentre los gobiernos estatales de Veracruz y Oaxaca, el gobierno federal y\nmunicipales de cada estado.<\/p>\n\n\n\n<p>Se determin\u00f3, dijo, realizar una reuni\u00f3n mensual para revisar los indicadores delictivos y dar seguimiento al cumplimiento de los acuerdos.<\/p>\n\n\n\n<figure class=\"wp-block-embed-twitter wp-block-embed is-type-rich is-provider-twitter\"><div class=\"wp-block-embed__wrapper\">\n<div class=\"twitter-tweet\"><blockquote class=\"twitter-tweet\" data-lang=\"es\"><p lang=\"es\" dir=\"ltr\">Con la finalidad de concretar acciones conjuntas en materia de seguridad, el Gdor. <a href=\"https:\/\/twitter.com\/alejandromurat?ref_src=twsrc%5Etfw\">@alejandromurat<\/a>, firm\u00f3 un convenio de colaboraci\u00f3n para fortalecer la seguridad en los l\u00edmites de <a href=\"https:\/\/twitter.com\/hashtag\/Oaxaca?src=hash&amp;ref_src=twsrc%5Etfw\">#Oaxaca<\/a> y <a href=\"https:\/\/twitter.com\/hashtag\/Veracruz?src=hash&amp;ref_src=twsrc%5Etfw\">#Veracruz<\/a>.  <br><br>Trabajamos de manera coordinada Federaci\u00f3n, Estados y Municipios. <a href=\"https:\/\/t.co\/Xj7S3EFnq0\">pic.twitter.com\/Xj7S3EFnq0<\/a><\/p>&mdash; Sr\u00eda. Seg. P\u00fab. Oax. (@SSP_GobOax) <a href=\"https:\/\/twitter.com\/SSP_GobOax\/status\/1227718500975882240?ref_src=twsrc%5Etfw\">12 de febrero de 2020<\/a><\/blockquote><\/div>\n<\/div><\/figure>\n\n\n\n<p>Adem\u00e1s, se\nacord\u00f3 que la Sedena aplicar\u00e1 en los municipios se\u00f1alados una revisi\u00f3n del\ncumplimiento de la Ley Federal de Armas de Fuegos y Explosivos, as\u00ed como la\ncertificaci\u00f3n de los elementos policiacos en municipios fronterizos entre ambas\nentidades.<\/p>\n\n\n\n<p>Es la\nprimera ocasi\u00f3n que ambos gobernadores de re\u00fanen en el municipio de Tuxtepec\npara abordar el problema de inseguridad que afecta a la zona de la Cuenca de\nambos estados, pero que se ha visualizado en mayor medida es la regi\u00f3n norte de\nOaxaca.<\/p>\n\n\n\n<p>Durante la\nestancia de los funcionarios se distingui\u00f3 una amplia presencia de elementos de\nseguridad p\u00fablica del nivel federal, como la Guardia Nacional, Ej\u00e9rcito\nMexicano, Marina, as\u00ed como de la fuerza estatal de Oaxaca y de Veracruz.<\/p>\n\n\n\n<p>Al encuentro acudi\u00f3 el titular de la Secretar\u00eda de Seguridad P\u00fablica de esta entidad, Ra\u00fal Ernesto Salcedo Rosales.<\/p>\n\n\n\n<figure class=\"wp-block-embed-twitter wp-block-embed is-type-rich is-provider-twitter\"><div class=\"wp-block-embed__wrapper\">\n<div class=\"twitter-tweet\"><blockquote class=\"twitter-tweet\" data-lang=\"es\"><p lang=\"es\" dir=\"ltr\"><a href=\"https:\/\/twitter.com\/hashtag\/%C3%9AltimoMinuto?src=hash&amp;ref_src=twsrc%5Etfw\">#\u00daltimoMinuto<\/a><br>Ya se encuentra en <a href=\"https:\/\/twitter.com\/hashtag\/Tuxtepec?src=hash&amp;ref_src=twsrc%5Etfw\">#Tuxtepec<\/a>, el gobernador de <a href=\"https:\/\/twitter.com\/hashtag\/Veracruz?src=hash&amp;ref_src=twsrc%5Etfw\">#Veracruz<\/a>, <a href=\"https:\/\/twitter.com\/CuitlahuacGJ?ref_src=twsrc%5Etfw\">@CuitlahuacGJ<\/a>, quien sostendr\u00e1 una reuni\u00f3n con el mandatario de <a href=\"https:\/\/twitter.com\/hashtag\/Oaxaxa?src=hash&amp;ref_src=twsrc%5Etfw\">#Oaxaxa<\/a>, <a href=\"https:\/\/twitter.com\/alejandromurat?ref_src=twsrc%5Etfw\">@alejandromurat<\/a>. Estar\u00e1n tambi\u00e9n el titular de <a href=\"https:\/\/twitter.com\/SSPCMexico?ref_src=twsrc%5Etfw\">@SSPCMexico<\/a>, <a href=\"https:\/\/twitter.com\/AlfonsoDurazo?ref_src=twsrc%5Etfw\">@AlfonsoDurazo<\/a>, y de <a href=\"https:\/\/twitter.com\/SSP_GobOax?ref_src=twsrc%5Etfw\">@SSP_GobOax<\/a>, Ra\u00fal Ernesto Salcedo. <br>Video <a href=\"https:\/\/twitter.com\/YuriSosa04?ref_src=twsrc%5Etfw\">@YuriSosa04<\/a> <a href=\"https:\/\/t.co\/gbszjKjuDy\">pic.twitter.com\/gbszjKjuDy<\/a><\/p>&mdash; Zona Roja Oaxaca (@MexRoja) <a href=\"https:\/\/twitter.com\/MexRoja\/status\/1227650572268036096?ref_src=twsrc%5Etfw\">12 de febrero de 2020<\/a><\/blockquote><\/div>\n<\/div><\/figure>\n","protected":false},"excerpt":{"rendered":"<p>Yuridiana Sosa\/Zona Roja. San Juan Bautista Tuxtepec, Oax., 12de febrero de 2020.- Las autoridades estatales&hellip;<\/p>\n","protected":false},"author":2,"featured_media":8690,"comment_status":"closed","ping_status":"open","sticky":false,"template":"","format":"standard","meta":{"_lmt_disableupdate":"","_lmt_disable":"","_jetpack_memberships_contains_paid_content":false,"footnotes":""},"categories":[109,51],"tags":[173,1363],"class_list":["post-8689","post","type-post","status-publish","format-standard","has-post-thumbnail","hentry","category-minuto-a-minuto","category-zona-roja","tag-alejandro-murat-hinojosa","tag-convenio-oaxaca-y-veracruz"],"jetpack_featured_media_url":"https:\/\/zonaroja.com.mx\/wp-content\/uploads\/2020\/02\/AMH-05.jpg","jetpack_sharing_enabled":true,"_links":{"self":[{"href":"https:\/\/zonaroja.com.mx\/index.php?rest_route=\/wp\/v2\/posts\/8689","targetHints":{"allow":["GET"]}}],"collection":[{"href":"https:\/\/zonaroja.com.mx\/index.php?rest_route=\/wp\/v2\/posts"}],"about":[{"href":"https:\/\/zonaroja.com.mx\/index.php?rest_route=\/wp\/v2\/types\/post"}],"author":[{"embeddable":true,"href":"https:\/\/zonaroja.com.mx\/index.php?rest_route=\/wp\/v2\/users\/2"}],"replies":[{"embeddable":true,"href":"https:\/\/zonaroja.com.mx\/index.php?rest_route=%2Fwp%2Fv2%2Fcomments&post=8689"}],"version-history":[{"count":1,"href":"https:\/\/zonaroja.com.mx\/index.php?rest_route=\/wp\/v2\/posts\/8689\/revisions"}],"predecessor-version":[{"id":8691,"href":"https:\/\/zonaroja.com.mx\/index.php?rest_route=\/wp\/v2\/posts\/8689\/revisions\/8691"}],"wp:featuredmedia":[{"embeddable":true,"href":"https:\/\/zonaroja.com.mx\/index.php?rest_route=\/wp\/v2\/media\/8690"}],"wp:attachment":[{"href":"https:\/\/zonaroja.com.mx\/index.php?rest_route=%2Fwp%2Fv2%2Fmedia&parent=8689"}],"wp:term":[{"taxonomy":"category","embeddable":true,"href":"https:\/\/zonaroja.com.mx\/index.php?rest_route=%2Fwp%2Fv2%2Fcategories&post=8689"},{"taxonomy":"post_tag","embeddable":true,"href":"https:\/\/zonaroja.com.mx\/index.php?rest_route=%2Fwp%2Fv2%2Ftags&post=8689"}],"curies":[{"name":"wp","href":"https:\/\/api.w.org\/{rel}","templated":true}]}}