{"id":86899,"date":"2025-11-14T13:37:00","date_gmt":"2025-11-14T19:37:00","guid":{"rendered":"https:\/\/zonaroja.com.mx\/?p=86899"},"modified":"2025-11-14T07:40:00","modified_gmt":"2025-11-14T13:40:00","slug":"entrega-certificados-a-egresados-de-maestria-en-derecho-judicial","status":"publish","type":"post","link":"https:\/\/zonaroja.com.mx\/?p=86899","title":{"rendered":"Entrega certificados a egresados de maestr\u00eda en Derecho Judicial"},"content":{"rendered":"\n<p>Redacci\u00f3n\/Zona Roja.<\/p>\n\n\n\n<p>Oaxaca, Oax., a 14 de noviembre de 2025.- El Poder Judicial del Estado de Oaxaca realiz\u00f3 la entrega de certificados a las y los egresados de la&nbsp;primera generaci\u00f3n de la Maestr\u00eda en Derecho Judicial,&nbsp;programa acad\u00e9mico de alto nivel desarrollado en colaboraci\u00f3n con la&nbsp;Universidad de Perugia, Italia, con el prop\u00f3sito de fortalecer la formaci\u00f3n, la \u00e9tica y la sensibilidad humanista de las y los operadores de justicia, en el marco del cual se inaugur\u00f3 un Seminario Internacional.<\/p>\n\n\n\n<p>Acompa\u00f1ada por las doctoras&nbsp;Alessandra&nbsp;Lanciotti&nbsp;y&nbsp;StefaniaSartarelli, profesoras de la Universidad de Perugia&nbsp;\u2014fundada en 1308 y considerada la sede de la escuela de Derecho m\u00e1s antigua del mundo\u2014,&nbsp;la&nbsp;magistrada presidenta Erika Mar\u00eda Rodr\u00edguez&nbsp;Rodr\u00edguez&nbsp;destac\u00f3 que esta maestr\u00eda representa \u201cmucho m\u00e1s que una formaci\u00f3n acad\u00e9mica: es un compromiso \u00e9tico con el ideal de una justicia que escucha, que comprende y que sirve\u201d.<\/p>\n\n\n\n<p>Como integrante de esta primera generaci\u00f3n, subray\u00f3 que esta experiencia ha sido del m\u00e1s alto nivel y&nbsp;le&nbsp;ha ense\u00f1ado que el conocimiento no tiene fronteras, que la excelencia no est\u00e1 re\u00f1ida con la sensibilidad y que el estudio riguroso puede ser tambi\u00e9n un camino hacia la empat\u00eda&nbsp;y servicio humanizado.<\/p>\n\n\n\n<p>Durante la ceremonia,&nbsp;realizada en el auditorio del Tribunal Superior de Justicia,&nbsp;el&nbsp;magistrado en retiro Eduardo Pinacho S\u00e1nchez, padrino de generaci\u00f3n, expres\u00f3 su orgullo por acompa\u00f1ar este proyecto acad\u00e9mico al que calific\u00f3 como&nbsp;\u201cextraordinario y trascendente para la justicia oaxaque\u00f1a\u201d&nbsp;y que&nbsp;fue posible gracias a la conjunci\u00f3n de esfuerzos institucionales y al impulso del doctor&nbsp;Mario Ignacio \u00c1lvarez Ledesma,&nbsp;quien dise\u00f1\u00f3 un modelo de formaci\u00f3n capaz de unir la t\u00e9cnica jur\u00eddica con la sensibilidad humana.<\/p>\n\n\n\n<p>\u201cVivimos un proceso de integraci\u00f3n jur\u00eddica: debemos reconocer en nuestro sistema los 16 sistemas normativos internos de los pueblos ind\u00edgenas y afrodescendientes, y al mismo tiempo, integrar los tratados internacionales de derechos humanos. Esa visi\u00f3n s\u00f3lo se alcanza con una formaci\u00f3n de este nivel\u201d, puntualiz\u00f3.<\/p>\n\n\n\n<p>La&nbsp;ceremonia&nbsp;en la que intervinieron tambi\u00e9n&nbsp;la directora de la Escuela Judicial,&nbsp;Jessica Maribel Arango Bravo&nbsp;y&nbsp;el&nbsp;coordinador acad\u00e9mico de la maestr\u00eda,&nbsp;Mario Ignacio \u00c1lvarez Ledesma, reuni\u00f3 a&nbsp;magistradas, magistrados, consejeros de la Judicatura, docentes y familiares de las y&nbsp;los&nbsp;34&nbsp;egresados.<\/p>\n","protected":false},"excerpt":{"rendered":"<p>Redacci\u00f3n\/Zona Roja. Oaxaca, Oax., a 14 de noviembre de 2025.- El Poder Judicial del Estado&hellip;<\/p>\n","protected":false},"author":2,"featured_media":86883,"comment_status":"closed","ping_status":"open","sticky":false,"template":"","format":"standard","meta":{"_lmt_disableupdate":"","_lmt_disable":"","_jetpack_memberships_contains_paid_content":false,"footnotes":""},"categories":[109,46],"tags":[223],"class_list":["post-86899","post","type-post","status-publish","format-standard","has-post-thumbnail","hentry","category-minuto-a-minuto","category-zona-blanca","tag-poder-judicial-de-oaxaca"],"jetpack_featured_media_url":"https:\/\/zonaroja.com.mx\/wp-content\/uploads\/2025\/11\/Maestria-Poder-Judicial-Italia-egresados-Perugia-Oaxaca.jpg","jetpack_sharing_enabled":true,"_links":{"self":[{"href":"https:\/\/zonaroja.com.mx\/index.php?rest_route=\/wp\/v2\/posts\/86899","targetHints":{"allow":["GET"]}}],"collection":[{"href":"https:\/\/zonaroja.com.mx\/index.php?rest_route=\/wp\/v2\/posts"}],"about":[{"href":"https:\/\/zonaroja.com.mx\/index.php?rest_route=\/wp\/v2\/types\/post"}],"author":[{"embeddable":true,"href":"https:\/\/zonaroja.com.mx\/index.php?rest_route=\/wp\/v2\/users\/2"}],"replies":[{"embeddable":true,"href":"https:\/\/zonaroja.com.mx\/index.php?rest_route=%2Fwp%2Fv2%2Fcomments&post=86899"}],"version-history":[{"count":1,"href":"https:\/\/zonaroja.com.mx\/index.php?rest_route=\/wp\/v2\/posts\/86899\/revisions"}],"predecessor-version":[{"id":86900,"href":"https:\/\/zonaroja.com.mx\/index.php?rest_route=\/wp\/v2\/posts\/86899\/revisions\/86900"}],"wp:featuredmedia":[{"embeddable":true,"href":"https:\/\/zonaroja.com.mx\/index.php?rest_route=\/wp\/v2\/media\/86883"}],"wp:attachment":[{"href":"https:\/\/zonaroja.com.mx\/index.php?rest_route=%2Fwp%2Fv2%2Fmedia&parent=86899"}],"wp:term":[{"taxonomy":"category","embeddable":true,"href":"https:\/\/zonaroja.com.mx\/index.php?rest_route=%2Fwp%2Fv2%2Fcategories&post=86899"},{"taxonomy":"post_tag","embeddable":true,"href":"https:\/\/zonaroja.com.mx\/index.php?rest_route=%2Fwp%2Fv2%2Ftags&post=86899"}],"curies":[{"name":"wp","href":"https:\/\/api.w.org\/{rel}","templated":true}]}}