{"id":86906,"date":"2025-11-14T13:29:14","date_gmt":"2025-11-14T19:29:14","guid":{"rendered":"https:\/\/zonaroja.com.mx\/?p=86906"},"modified":"2025-11-14T13:29:14","modified_gmt":"2025-11-14T19:29:14","slug":"violencia-imparable-en-juchitan-dos-ejecutados-en-la-capital-un-asesinado","status":"publish","type":"post","link":"https:\/\/zonaroja.com.mx\/?p=86906","title":{"rendered":"Violencia imparable en Juchit\u00e1n: dos ejecutados; en la capital un asesinado"},"content":{"rendered":"\n<p>Raymundo Morales\/Zona Roja.&nbsp;<\/p>\n\n\n\n<p>Oaxaca, Oax., a 14 de noviembre de 2025.- La violencia no para el Juchit\u00e1n de Zaragoza y este viernes fueron ejecutadas otras dos personas, cuyos cuerpos fueron envueltos en bolsas de pl\u00e1stico y tirados en un camino local.<\/p>\n\n\n\n<p>Con ello suman seis v\u00edctimas fatales registradas en menos de una semana en dicho municipio de la regi\u00f3n del Istmo, entre ellas tres mujeres -incluyendo la peque\u00f1a Noelia Daylen- y un var\u00f3n.&nbsp;<\/p>\n\n\n\n<p>Las personas asesinadas este d\u00eda fueron identificadas de manera preliminar como Deyvi G. y David O., ambos de oficio mototaxistas.<\/p>\n\n\n\n<p>Los cuerpos, maniatados y con m\u00faltiples impactos de arma de fuego, fueron localizados en el paraje \u201cLa Capilla\u201d, a un costado de la carretera que une a Juchit\u00e1n con la agencia de Playa Vicente.&nbsp;<\/p>\n\n\n\n<p>Como suele suceder, los familiares se llevaron los cad\u00e1veres, ante la mirada de los polic\u00edas municipales.&nbsp;<\/p>\n\n\n\n<p>Apenas el pasado mi\u00e9rcoles, corporaciones policiacas federales y estatales, coordinadas por la Fiscal\u00eda General del Estado de Oaxaca, reforzaron los operativos de seguridad en la regi\u00f3n del Istmo, con al menos 500 elementos. <\/p>\n\n\n\n<p>Por otra parte, una persona fue atacada a balazos este viernes en la colonia Monte Alb\u00e1n de la ciudad de Oaxaca.&nbsp;<\/p>\n\n\n\n<p>La v\u00edctima fue trasladada de una emergencia a un hospital pero perdi\u00f3 la vida debido a la gravedad de las lesiones.&nbsp;<\/p>\n\n\n\n<p>De manera preliminar se inform\u00f3 que se trata de Armando C. C., de 33 a\u00f1os de edad, y a\u00fan se desconocen las causas del homicidio.&nbsp;<\/p>\n\n\n\n<p><\/p>\n","protected":false},"excerpt":{"rendered":"<p>Raymundo Morales\/Zona Roja.&nbsp; Oaxaca, Oax., a 14 de noviembre de 2025.- La violencia no para&hellip;<\/p>\n","protected":false},"author":2,"featured_media":86905,"comment_status":"closed","ping_status":"open","sticky":false,"template":"","format":"standard","meta":{"_lmt_disableupdate":"","_lmt_disable":"","_jetpack_memberships_contains_paid_content":false,"footnotes":""},"categories":[109,51],"tags":[297],"class_list":["post-86906","post","type-post","status-publish","format-standard","has-post-thumbnail","hentry","category-minuto-a-minuto","category-zona-roja","tag-ejecutado-juchitan"],"jetpack_featured_media_url":"https:\/\/zonaroja.com.mx\/wp-content\/uploads\/2025\/11\/img_1339.jpg","jetpack_sharing_enabled":true,"_links":{"self":[{"href":"https:\/\/zonaroja.com.mx\/index.php?rest_route=\/wp\/v2\/posts\/86906","targetHints":{"allow":["GET"]}}],"collection":[{"href":"https:\/\/zonaroja.com.mx\/index.php?rest_route=\/wp\/v2\/posts"}],"about":[{"href":"https:\/\/zonaroja.com.mx\/index.php?rest_route=\/wp\/v2\/types\/post"}],"author":[{"embeddable":true,"href":"https:\/\/zonaroja.com.mx\/index.php?rest_route=\/wp\/v2\/users\/2"}],"replies":[{"embeddable":true,"href":"https:\/\/zonaroja.com.mx\/index.php?rest_route=%2Fwp%2Fv2%2Fcomments&post=86906"}],"version-history":[{"count":1,"href":"https:\/\/zonaroja.com.mx\/index.php?rest_route=\/wp\/v2\/posts\/86906\/revisions"}],"predecessor-version":[{"id":86907,"href":"https:\/\/zonaroja.com.mx\/index.php?rest_route=\/wp\/v2\/posts\/86906\/revisions\/86907"}],"wp:featuredmedia":[{"embeddable":true,"href":"https:\/\/zonaroja.com.mx\/index.php?rest_route=\/wp\/v2\/media\/86905"}],"wp:attachment":[{"href":"https:\/\/zonaroja.com.mx\/index.php?rest_route=%2Fwp%2Fv2%2Fmedia&parent=86906"}],"wp:term":[{"taxonomy":"category","embeddable":true,"href":"https:\/\/zonaroja.com.mx\/index.php?rest_route=%2Fwp%2Fv2%2Fcategories&post=86906"},{"taxonomy":"post_tag","embeddable":true,"href":"https:\/\/zonaroja.com.mx\/index.php?rest_route=%2Fwp%2Fv2%2Ftags&post=86906"}],"curies":[{"name":"wp","href":"https:\/\/api.w.org\/{rel}","templated":true}]}}