{"id":86908,"date":"2025-11-14T19:45:50","date_gmt":"2025-11-15T01:45:50","guid":{"rendered":"https:\/\/zonaroja.com.mx\/?p=86908"},"modified":"2025-11-14T19:45:51","modified_gmt":"2025-11-15T01:45:51","slug":"nos-vamos-pero-regresamos-advierten-seccion-22-y-cnte","status":"publish","type":"post","link":"https:\/\/zonaroja.com.mx\/?p=86908","title":{"rendered":"\u00abNos vamos, pero regresamos\u00bb, advierten Secci\u00f3n 22 y CNTE"},"content":{"rendered":"\n<p>Lisbeth Mej\u00eda Reyes\/Zona Roja.<\/p>\n\n\n\n<p>Oaxaca, Oax., a 14 de noviembre de 2025.- Con fecha por definir durante su Asamblea Nacional Representativa del 22 de noviembre, la Secci\u00f3n 22 del magisterio oaxaque\u00f1o y la Coordinadora Nacional de Trabajadores de la Educaci\u00f3n (CNTE) concluyeron este viernes su paro de 48 horas en la Ciudad de M\u00e9xico y en el estado Oaxaca, como parte de la jornada nacional para exigir al gobierno federal la abrogaci\u00f3n de la Ley del ISSSTE del 2007 y de la reforma educativa.<\/p>\n\n\n\n<p>La coordinadora, que incluye a la Secci\u00f3n 22 esta entidad, tambi\u00e9n advirti\u00f3 nuevamente que emprender\u00e1 un paro indefinido como el realizado en mayo y junio de este a\u00f1o. Incluso amag\u00f3 con boicotear el Mundial de Futbol de 2026 si el gobierno que preside Claudia Sheinbaum Pardo no da respuesta favorable a sus exigencias.<\/p>\n\n\n\n<p>\u00abSi no hay soluci\u00f3n a nuestras demandas centrales no rodar\u00e1 el bal\u00f3n en el Mundial\u00bb, expres\u00f3 Yenny Araceli P\u00e9rez Mart\u00ednez, secretaria general de la Secci\u00f3n 22 del magisterio oaxaque\u00f1o junto a representantes de las secciones de Ciudad de M\u00e9xico ( 9), Chiapas (Secci\u00f3n 7) y otras en el paro en la Ciudad de M\u00e9xico.<\/p>\n\n\n\n<p>En torno al palacio legislativo de San L\u00e1zaro, donde instal\u00f3 su \u201cplant\u00f3n\u201d el pasado jueves, la representante del magisterio oaxaque\u00f1o tambi\u00e9n acus\u00f3 al gobierno federal de ser uno de continuidad neoliberal, de cerrarse al di\u00e1logo y de reprimir al movimiento.&nbsp;<\/p>\n\n\n\n<p>Adem\u00e1s reiter\u00f3 que pese a las promesas de campa\u00f1a, la presidenta de niega a abrogar la ley del ISSSTE 2007 y la reforma educativa.<\/p>\n\n\n\n<p>En la capital del pa\u00eds, la protesta de la CNTE fue recibida con un blindaje del Palacio Nacional, mientras que en los estados abarc\u00f3 varias acciones como la toma de casetas de peaje en Guerrero, Chiapas, Baja California, Morelos y otros estados.<\/p>\n\n\n\n<p>Desde la ciudad de Oaxaca, donde la Secci\u00f3n se \u201cplant\u00f3\u201d y tuvo algunas de sus movilizaciones, la representaci\u00f3n sindical comenz\u00f3 a levantar el paro alrededor de las 14:00 y 15:00 horas. Esto luego de haber tomado casetas de cobro y plazas comerciales.<\/p>\n\n\n\n<p>La Secci\u00f3n 22, representantes de las escuelas normales y de otras organizaciones que de sumaron a su movimiento en Oaxaca concluyeron la jornada con un mitin en el z\u00f3calo de la ciudad, d\u00f3nde reiteraron la continuidad de la lucha. As\u00ed como la advertencia del boicot al Mundial.<\/p>\n\n\n\n<figure class=\"wp-block-embed is-type-rich is-provider-twitter wp-block-embed-twitter\"><div class=\"wp-block-embed__wrapper\">\n<div class=\"twitter-tweet\"><blockquote class=\"twitter-tweet\" data-lang=\"es\"><p lang=\"es\" dir=\"ltr\">Con un mitin en el z\u00f3calo de la ciudad de Oaxaca, la Secci\u00f3n 22 del Sindicato Nacional de Trabajadores de la Educaci\u00f3n (SNTE) dio por concluido, de manera anticipada, su paro de labores de 48 horas; a\u00fan no hay informaci\u00f3n respecto si hubo atenci\u00f3n a sus demandas, de car\u00e1cter\u2026 <a href=\"https:\/\/t.co\/NxQ0TzVjMd\">pic.twitter.com\/NxQ0TzVjMd<\/a><\/p>&mdash; Zona Roja Oaxaca (@ZonaRoja_Oaxaca) <a href=\"https:\/\/twitter.com\/ZonaRoja_Oaxaca\/status\/1989455252710416704?ref_src=twsrc%5Etfw\">14 de noviembre de 2025<\/a><\/blockquote><\/div>\n<\/div><\/figure>\n","protected":false},"excerpt":{"rendered":"<p>Lisbeth Mej\u00eda Reyes\/Zona Roja. Oaxaca, Oax., a 14 de noviembre de 2025.- Con fecha por&hellip;<\/p>\n","protected":false},"author":2,"featured_media":86909,"comment_status":"closed","ping_status":"open","sticky":false,"template":"","format":"standard","meta":{"_lmt_disableupdate":"","_lmt_disable":"","_jetpack_memberships_contains_paid_content":false,"footnotes":""},"categories":[109,47],"tags":[312],"class_list":["post-86908","post","type-post","status-publish","format-standard","has-post-thumbnail","hentry","category-minuto-a-minuto","category-zona-gris","tag-seccion-22-del-snte"],"jetpack_featured_media_url":"https:\/\/zonaroja.com.mx\/wp-content\/uploads\/2025\/11\/Se-retira-planton-de-la-Seccion-22-del-SNTE.jpg","jetpack_sharing_enabled":true,"_links":{"self":[{"href":"https:\/\/zonaroja.com.mx\/index.php?rest_route=\/wp\/v2\/posts\/86908","targetHints":{"allow":["GET"]}}],"collection":[{"href":"https:\/\/zonaroja.com.mx\/index.php?rest_route=\/wp\/v2\/posts"}],"about":[{"href":"https:\/\/zonaroja.com.mx\/index.php?rest_route=\/wp\/v2\/types\/post"}],"author":[{"embeddable":true,"href":"https:\/\/zonaroja.com.mx\/index.php?rest_route=\/wp\/v2\/users\/2"}],"replies":[{"embeddable":true,"href":"https:\/\/zonaroja.com.mx\/index.php?rest_route=%2Fwp%2Fv2%2Fcomments&post=86908"}],"version-history":[{"count":1,"href":"https:\/\/zonaroja.com.mx\/index.php?rest_route=\/wp\/v2\/posts\/86908\/revisions"}],"predecessor-version":[{"id":86910,"href":"https:\/\/zonaroja.com.mx\/index.php?rest_route=\/wp\/v2\/posts\/86908\/revisions\/86910"}],"wp:featuredmedia":[{"embeddable":true,"href":"https:\/\/zonaroja.com.mx\/index.php?rest_route=\/wp\/v2\/media\/86909"}],"wp:attachment":[{"href":"https:\/\/zonaroja.com.mx\/index.php?rest_route=%2Fwp%2Fv2%2Fmedia&parent=86908"}],"wp:term":[{"taxonomy":"category","embeddable":true,"href":"https:\/\/zonaroja.com.mx\/index.php?rest_route=%2Fwp%2Fv2%2Fcategories&post=86908"},{"taxonomy":"post_tag","embeddable":true,"href":"https:\/\/zonaroja.com.mx\/index.php?rest_route=%2Fwp%2Fv2%2Ftags&post=86908"}],"curies":[{"name":"wp","href":"https:\/\/api.w.org\/{rel}","templated":true}]}}