{"id":86911,"date":"2025-11-14T20:48:49","date_gmt":"2025-11-15T02:48:49","guid":{"rendered":"https:\/\/zonaroja.com.mx\/?p=86911"},"modified":"2025-11-14T20:48:51","modified_gmt":"2025-11-15T02:48:51","slug":"detienen-en-juchitan-a-siete-integrantes-de-una-celula-delictiva","status":"publish","type":"post","link":"https:\/\/zonaroja.com.mx\/?p=86911","title":{"rendered":"Detienen en Juchit\u00e1n a siete integrantes de una c\u00e9lula delictiva"},"content":{"rendered":"\n<p>Redacci\u00f3n\/Zona Roja.&nbsp;<\/p>\n\n\n\n<p>Oaxaca, Oax., a 14 de noviembre de 2025.- Siete personas, probables integrantes de una c\u00e9lula delictiva identificada como \u201cLos Cromos\u201d, fueron detenidas en Juchit\u00e1n de Zaragoza.<\/p>\n\n\n\n<p>La Fiscal\u00eda General del Estado de Oaxaca inform\u00f3 que se efectuaron cateos simult\u00e1neos en la regi\u00f3n del Istmo de Tehuantepec, como parte de la implementaci\u00f3n de la Operaci\u00f3n \u201cSable\u201d.<\/p>\n\n\n\n<p>En un comunicado, expuso que, luego de obtener ocho \u00f3rdenes de cateo, la Fiscal\u00eda encabez\u00f3 el despliegue operativo que se llev\u00f3 a cabo durante la madrugada del jueves 13 de noviembre de 2025.&nbsp;<\/p>\n\n\n\n<p>Como resultado, se logr\u00f3 la detenci\u00f3n de siete personas que estar\u00edan vinculadas a las investigaciones por diferentes delitos como narcomenudeo, homicidio calificado, extorsi\u00f3n, actividades ilegales que estar\u00edan relacionadas con la c\u00e9lula delictiva local identificada como \u201cLos Cromos\u201d.&nbsp;<\/p>\n\n\n\n<p>Por la relevancia de las detenciones, dos personas del sexo masculino fueron trasladadas a la ciudad de Oaxaca para ahondar en las indagatorias ministeriales que contribuyan al debilitamiento y desarticulaci\u00f3n de este grupo delictivo.<\/p>\n\n\n\n<p>&nbsp;La instituci\u00f3n expuso que en los operativos participaron de manera coordinada la Agencia Estatal de Investigaciones (AEI), la Secretar\u00eda de Marina, la Secretar\u00eda de la Defensa Nacional, la Guardia Nacional, la Secretar\u00eda de Gobierno, y Polic\u00eda Estatal de la Secretar\u00eda de Seguridad y Protecci\u00f3n Ciudadana (SSPC).<\/p>\n\n\n\n<p>\u201cCon estas acciones, la Fiscal\u00eda de Oaxaca refrenda su compromiso de garantizar el acceso a la procuraci\u00f3n de justicia, fortalecer la confianza ciudadana y coadyuvar a la construcci\u00f3n de un entorno seguro en todas las regiones de la entidad\u201d, agreg\u00f3 en su comunicado.<\/p>\n","protected":false},"excerpt":{"rendered":"<p>Redacci\u00f3n\/Zona Roja.&nbsp; Oaxaca, Oax., a 14 de noviembre de 2025.- Siete personas, probables integrantes de&hellip;<\/p>\n","protected":false},"author":2,"featured_media":86912,"comment_status":"closed","ping_status":"open","sticky":false,"template":"","format":"standard","meta":{"_lmt_disableupdate":"","_lmt_disable":"","_jetpack_memberships_contains_paid_content":false,"footnotes":""},"categories":[109,46],"tags":[494],"class_list":["post-86911","post","type-post","status-publish","format-standard","has-post-thumbnail","hentry","category-minuto-a-minuto","category-zona-blanca","tag-fiscalia-general-del-estado-de-oaxaca"],"jetpack_featured_media_url":"https:\/\/zonaroja.com.mx\/wp-content\/uploads\/2025\/11\/Detenidos-Los-Cromos-cateos-Fiscalia-Juchitan.jpg","jetpack_sharing_enabled":true,"_links":{"self":[{"href":"https:\/\/zonaroja.com.mx\/index.php?rest_route=\/wp\/v2\/posts\/86911","targetHints":{"allow":["GET"]}}],"collection":[{"href":"https:\/\/zonaroja.com.mx\/index.php?rest_route=\/wp\/v2\/posts"}],"about":[{"href":"https:\/\/zonaroja.com.mx\/index.php?rest_route=\/wp\/v2\/types\/post"}],"author":[{"embeddable":true,"href":"https:\/\/zonaroja.com.mx\/index.php?rest_route=\/wp\/v2\/users\/2"}],"replies":[{"embeddable":true,"href":"https:\/\/zonaroja.com.mx\/index.php?rest_route=%2Fwp%2Fv2%2Fcomments&post=86911"}],"version-history":[{"count":1,"href":"https:\/\/zonaroja.com.mx\/index.php?rest_route=\/wp\/v2\/posts\/86911\/revisions"}],"predecessor-version":[{"id":86913,"href":"https:\/\/zonaroja.com.mx\/index.php?rest_route=\/wp\/v2\/posts\/86911\/revisions\/86913"}],"wp:featuredmedia":[{"embeddable":true,"href":"https:\/\/zonaroja.com.mx\/index.php?rest_route=\/wp\/v2\/media\/86912"}],"wp:attachment":[{"href":"https:\/\/zonaroja.com.mx\/index.php?rest_route=%2Fwp%2Fv2%2Fmedia&parent=86911"}],"wp:term":[{"taxonomy":"category","embeddable":true,"href":"https:\/\/zonaroja.com.mx\/index.php?rest_route=%2Fwp%2Fv2%2Fcategories&post=86911"},{"taxonomy":"post_tag","embeddable":true,"href":"https:\/\/zonaroja.com.mx\/index.php?rest_route=%2Fwp%2Fv2%2Ftags&post=86911"}],"curies":[{"name":"wp","href":"https:\/\/api.w.org\/{rel}","templated":true}]}}