{"id":86914,"date":"2025-11-14T21:09:27","date_gmt":"2025-11-15T03:09:27","guid":{"rendered":"https:\/\/zonaroja.com.mx\/?p=86914"},"modified":"2025-11-14T21:09:29","modified_gmt":"2025-11-15T03:09:29","slug":"nos-cambiaron-la-vida-lamenta-madre-de-kasumi-nina-victima-del-incendio-en-colegio","status":"publish","type":"post","link":"https:\/\/zonaroja.com.mx\/?p=86914","title":{"rendered":"\u00abNos cambiaron la vida\u00bb, lamenta madre de Kasumi, ni\u00f1a v\u00edctima del incendio en colegio"},"content":{"rendered":"\n<p>Lisbeth Mej\u00eda Reyes\/Zona Roja.<\/p>\n\n\n\n<p>Oaxaca, Oax., a 14 de noviembre de 2025.- Hablar del tema sigue siendo muy doloroso para la madre de Kasumi y su familia, pues el incendio en el colegio \u201cFrancoise Dolto\u201d, ciudad de Oaxaca, les cambi\u00f3 la vida.&nbsp;<\/p>\n\n\n\n<p>Aunque la ni\u00f1a de cuatro a\u00f1os de edad avanza en su recuperaci\u00f3n, las cicatrices emocionales persisten y ha tenido que vivir una infancia muy distinta a las ni\u00f1as y ni\u00f1os de su edad, tras el percance ocurrido en abril.<\/p>\n\n\n\n<p>\u00abNo puede salir ni hacer sus actividades&#8230; Siempre ha sido una ni\u00f1a muy noble, muy contenta y ahorita estamos enfrentado cambios emocionales&#8230; Nos arruinaron la vida como familia, a ella, no puede hacer las mismas actividades y no sabemos de aqu\u00ed en adelante lo que pueda pasar\u00bb, cuenta Victoria Guadalupe Gonz\u00e1lez, madre de la menor.<\/p>\n\n\n\n<p>Kasumi, una de las ni\u00f1as que result\u00f3 con quemaduras de segundo grado por el incendio en el colegio \u201cFrancoise Dolto\u201d, sigue en recuperaci\u00f3n, por lo que su familia convoca a la poblaci\u00f3n a ser parte de \u00abRisas con causa\u00bb, un evento a beneficio el pr\u00f3ximo 20 de noviembre, a las 20:00 horas, en el \u201cCharlot Bar\u201d, ciudad de Oaxaca.&nbsp;<\/p>\n\n\n\n<p>A esta actividad se suman los artistas Juan Alberto y Jos\u00e9 Mar\u00eda, as\u00ed como el payaso \u201cResortyn\u201d. Lo recaudado ser\u00e1 para costear el viaje a Galveston, Texas, para su primera cirug\u00eda que ser\u00e1 en diciembre pr\u00f3ximo.<\/p>\n\n\n\n<figure class=\"wp-block-embed is-type-rich is-provider-twitter wp-block-embed-twitter\"><div class=\"wp-block-embed__wrapper\">\n<div class=\"twitter-tweet\"><blockquote class=\"twitter-tweet\" data-lang=\"es\"><p lang=\"es\" dir=\"ltr\"><a href=\"https:\/\/twitter.com\/hashtag\/AlMomento?src=hash&amp;ref_src=twsrc%5Etfw\">#AlMomento<\/a><br>\u00bfRecuerda el grave caso del incendio en el colegio \u201cFrancoise Dolto\u201d de la ciudad de <a href=\"https:\/\/twitter.com\/hashtag\/Oaxaca?src=hash&amp;ref_src=twsrc%5Etfw\">#Oaxaca<\/a>?<br>De las varias menores v\u00edctimas, Kasumi sigue recibiendo atenciones en Galveston, Texas, y su familia requiere apoyos.<br>Invita a un evento con causa, el 20 de noviembre, y pide\u2026 <a href=\"https:\/\/t.co\/Cy73tfyhfx\">pic.twitter.com\/Cy73tfyhfx<\/a><\/p>&mdash; Zona Roja Oaxaca (@ZonaRoja_Oaxaca) <a href=\"https:\/\/twitter.com\/ZonaRoja_Oaxaca\/status\/1989381979851120643?ref_src=twsrc%5Etfw\">14 de noviembre de 2025<\/a><\/blockquote><\/div>\n<\/div><\/figure>\n\n\n\n<p>Victoria Guadalupe explic\u00f3 que aunque lograron el apoyo de la Fundaci\u00f3n Michou y Mau, para la cirug\u00eda es necesario costear el viaje de la menor y sus padres, as\u00ed como la estancia en aquella ciudad de Estados Unidos y las intervenciones subsecuentes por varios a\u00f1os m\u00e1s.<\/p>\n\n\n\n<p>Los boletos del evento a beneficio de la recuperaci\u00f3n de Kasumi tienen un costo de 200 pesos y se pueden adquirir previamente a trav\u00e9s del n\u00famero 951 581 1400 o el d\u00eda del evento, en Ray\u00f3n 602, centro de la ciudad.<\/p>\n\n\n\n<p>La mam\u00e1 de Kasumi agradeci\u00f3 el respaldo de los medios de comunicaci\u00f3n y la atenci\u00f3n de la Fiscal\u00eda General del Estado de Oaxaca en la denuncia e investigaci\u00f3n del caso.&nbsp;<\/p>\n\n\n\n<p>Sin embargo, se\u00f1ala que hasta el momento no han logrado la reparaci\u00f3n del da\u00f1o ni acuerdo alguno, por lo que exige que el caso no quede impune.<\/p>\n\n\n\n<p>Por ahora, explic\u00f3 que ya se han detenido a las personas presuntamente responsables del delito. En julio, la Fiscal\u00eda report\u00f3 la detenci\u00f3n de la directora del plantel y de un docente, con quienes ya sumaban seis personas detenidas por el caso.<\/p>\n\n\n\n<p>Fue el 29 de abril de este a\u00f1o cuando se registr\u00f3 el percance en el colegio, ubicado en la calle Berrioz\u00e1bal, durante campamento por el D\u00eda del Ni\u00f1o. Se presume que al menos ocho ni\u00f1as y ni\u00f1os sufrieron quemaduras debido a que un docente arroj\u00f3 alcohol a la fogata.<\/p>\n\n\n\n<figure class=\"wp-block-image size-full\"><img decoding=\"async\" width=\"900\" height=\"675\" src=\"https:\/\/zonaroja.com.mx\/wp-content\/uploads\/2025\/11\/Victoria-Guadalupe-Conzalez-caso-Francoise-Dolto.jpg\" alt=\"\" class=\"wp-image-86915\" srcset=\"https:\/\/zonaroja.com.mx\/wp-content\/uploads\/2025\/11\/Victoria-Guadalupe-Conzalez-caso-Francoise-Dolto.jpg 900w, https:\/\/zonaroja.com.mx\/wp-content\/uploads\/2025\/11\/Victoria-Guadalupe-Conzalez-caso-Francoise-Dolto-300x225.jpg 300w, https:\/\/zonaroja.com.mx\/wp-content\/uploads\/2025\/11\/Victoria-Guadalupe-Conzalez-caso-Francoise-Dolto-768x576.jpg 768w, https:\/\/zonaroja.com.mx\/wp-content\/uploads\/2025\/11\/Victoria-Guadalupe-Conzalez-caso-Francoise-Dolto-585x439.jpg 585w\" sizes=\"(max-width: 900px) 100vw, 900px\" \/><\/figure>\n","protected":false},"excerpt":{"rendered":"<p>Lisbeth Mej\u00eda Reyes\/Zona Roja. Oaxaca, Oax., a 14 de noviembre de 2025.- Hablar del tema&hellip;<\/p>\n","protected":false},"author":2,"featured_media":86916,"comment_status":"closed","ping_status":"open","sticky":false,"template":"","format":"standard","meta":{"_lmt_disableupdate":"","_lmt_disable":"","_jetpack_memberships_contains_paid_content":false,"footnotes":""},"categories":[109,46],"tags":[4292],"class_list":["post-86914","post","type-post","status-publish","format-standard","has-post-thumbnail","hentry","category-minuto-a-minuto","category-zona-blanca","tag-colegio-francoise-dolto-oaxaca"],"jetpack_featured_media_url":"https:\/\/zonaroja.com.mx\/wp-content\/uploads\/2025\/11\/Mama-de-Kasumi-caso-Francoise-Dolto.jpg","jetpack_sharing_enabled":true,"_links":{"self":[{"href":"https:\/\/zonaroja.com.mx\/index.php?rest_route=\/wp\/v2\/posts\/86914","targetHints":{"allow":["GET"]}}],"collection":[{"href":"https:\/\/zonaroja.com.mx\/index.php?rest_route=\/wp\/v2\/posts"}],"about":[{"href":"https:\/\/zonaroja.com.mx\/index.php?rest_route=\/wp\/v2\/types\/post"}],"author":[{"embeddable":true,"href":"https:\/\/zonaroja.com.mx\/index.php?rest_route=\/wp\/v2\/users\/2"}],"replies":[{"embeddable":true,"href":"https:\/\/zonaroja.com.mx\/index.php?rest_route=%2Fwp%2Fv2%2Fcomments&post=86914"}],"version-history":[{"count":1,"href":"https:\/\/zonaroja.com.mx\/index.php?rest_route=\/wp\/v2\/posts\/86914\/revisions"}],"predecessor-version":[{"id":86917,"href":"https:\/\/zonaroja.com.mx\/index.php?rest_route=\/wp\/v2\/posts\/86914\/revisions\/86917"}],"wp:featuredmedia":[{"embeddable":true,"href":"https:\/\/zonaroja.com.mx\/index.php?rest_route=\/wp\/v2\/media\/86916"}],"wp:attachment":[{"href":"https:\/\/zonaroja.com.mx\/index.php?rest_route=%2Fwp%2Fv2%2Fmedia&parent=86914"}],"wp:term":[{"taxonomy":"category","embeddable":true,"href":"https:\/\/zonaroja.com.mx\/index.php?rest_route=%2Fwp%2Fv2%2Fcategories&post=86914"},{"taxonomy":"post_tag","embeddable":true,"href":"https:\/\/zonaroja.com.mx\/index.php?rest_route=%2Fwp%2Fv2%2Ftags&post=86914"}],"curies":[{"name":"wp","href":"https:\/\/api.w.org\/{rel}","templated":true}]}}