{"id":8692,"date":"2020-02-12T18:54:04","date_gmt":"2020-02-13T00:54:04","guid":{"rendered":"http:\/\/www.zonaroja.com.mx\/?p=8692"},"modified":"2020-02-12T18:54:06","modified_gmt":"2020-02-13T00:54:06","slug":"acusan-a-edil-de-suchilquitongo-de-malversacion-de-recursos-violencia-y-nexos-con-narcotrafico","status":"publish","type":"post","link":"https:\/\/zonaroja.com.mx\/?p=8692","title":{"rendered":"Acusan a edil de Suchilquitongo de malversaci\u00f3n de recursos, violencia y nexos con narcotr\u00e1fico"},"content":{"rendered":"\n<p>Evlin\nArag\u00f3n\/Zona Roja.<\/p>\n\n\n\n<p>Oaxaca de\nJu\u00e1rez, Oax., 12 de febrero de 2020.- Autoridades y habitantes de Santiago\nSuchilquitongo exigieron hoy la destituci\u00f3n del presidente municipal, Julio\nC\u00e9sar Rodr\u00edguez L\u00f3pez, electo por el Partido Social Dem\u00f3crata, a quien acusan\nde desv\u00edo de recursos, amenazas de muerte en contra de los integrantes del Cabildo\ny de distribuir drogas en la poblaci\u00f3n utilizando a la polic\u00eda municipal.<\/p>\n\n\n\n<p>En\nconferencia de prensa, Concepci\u00f3n Pinelo Caballero, s\u00edndico municipal de la\nlocalidad,&nbsp; denunci\u00f3 la violencia de\ng\u00e9nero ejercida en su contra al impedirle &#8211;a ella y su suplente&#8211; ejercer las\nfunciones por las que fue electa, lo cual ha sido de forma violenta y en\nperjuicio de la poblaci\u00f3n en general.<\/p>\n\n\n\n<p>Tambi\u00e9n acus\u00f3\nel aumento de la violencia y&nbsp; la\ndistribuci\u00f3n de droga en el municipio, asegurando es a consecuencia de la mala\nadministraci\u00f3n de Rodr\u00edguez L\u00f3pez, raz\u00f3n por la que desde el pasado 21 de enero\nmantienen tomado el palacio municipal, en protesta y demanda de la destituci\u00f3n\ndel edil. <\/p>\n\n\n\n<p>\u201cEste se\u00f1or\nnos cort\u00f3 el derecho de ejercer las funciones como s\u00edndicas municipales, \u00e9l ha\ntomado a su cargo las acciones en cuanto a la sindicatura, independiente de la\ningobernabilidad, miedo y zozobra que se vive actualmente en la localidad\u201d,\ndijo.<\/p>\n\n\n\n<p>Mientras que\nel tesorero municipal, Abad Ricardo Ramos Luis, denunci\u00f3 el desfalco del 50 por\nciento de los recursos que recibe el municipio, que ascienden a m\u00e1s de 31\nmillones de pesos de forma anual, teniendo conocimiento del pago de 10\naviadores, la compra de dos retroexcavadoras &#8211;una de las cuales se renta al\nmunicipio y la otra se desconoce su paradero&#8211;, as\u00ed mismo el financiamiento con\nm\u00e1s de un mill\u00f3n de pesos campa\u00f1as electorales en San Jos\u00e9 Tenango, San Antonio\nde la Cal y San Pedro Ixtlahuaca.<\/p>\n\n\n\n<p>En este\nsentido, Ramos Luis denunci\u00f3 que fue despedido por se\u00f1alar las irregularidades\ny negarse a firmar los cheques que se emit\u00edan en un banco y se transfer\u00edan a\nuna cuenta personal de otra empresa bancaria, desde donde el edil dispersaba el\nrecurso que es del municipio.<\/p>\n\n\n\n<p>En el\nencuentro con medios, el regidor de Obra se\u00f1al\u00f3 la falta de obra pese\nreportarse gastos para la misma, mientras que representantes ciudadanos\nindicaron que existen muchos abusos en contra de la ciudadan\u00eda, particularmente\nhacia los j\u00f3venes ante el aumento de la drogadicci\u00f3n, vinculando al edil a\ngrupos de narcotr\u00e1fico en la zona.<\/p>\n\n\n\n<p>\u201cExisten\namenazas de muerte para quienes nos manifestamos en contra de la serie de\nirregularidades al interior de la administraci\u00f3n y en la poblaci\u00f3n misma ya qu\u00e9\nhay reportes de que en la secundaria de la localidad se ha incrementado la\nventa de droga\u201d, asegur\u00f3 una ciudadana.<\/p>\n\n\n\n<p>En este\nsentido, se\u00f1alaron al edil de propiciar la venta de drogas, incluso utilizando\nal personal de la polic\u00eda municipal para dispersarlas en los centros escolares,\nde forma particular en la Escuela Secundaria T\u00e9cnica 114, raz\u00f3n por la que han\nsolicitado la presencia de la Guardia Nacional en la zona.<\/p>\n\n\n\n<p>Finalmente\ninsistieron en la necesidad de una auditor\u00eda externa en calidad de urgente al\nmunicipio y la revocaci\u00f3n del mandato de Julio C\u00e9sar Rodr\u00edguez L\u00f3pez, por lo\ncual ir\u00e1n al Congreso del Estado, as\u00ed mismo acudir\u00e1n a la Fiscal\u00eda General del\nEstado para el denunciar los actos violentos en lo que ha incurrido el edil y\nsus v\u00ednculos con la venta de drogas en la localidad.<\/p>\n","protected":false},"excerpt":{"rendered":"<p>Evlin Arag\u00f3n\/Zona Roja. Oaxaca de Ju\u00e1rez, Oax., 12 de febrero de 2020.- Autoridades y habitantes&hellip;<\/p>\n","protected":false},"author":2,"featured_media":8693,"comment_status":"closed","ping_status":"open","sticky":false,"template":"","format":"standard","meta":{"_lmt_disableupdate":"","_lmt_disable":"","_jetpack_memberships_contains_paid_content":false,"footnotes":""},"categories":[109,47],"tags":[1364],"class_list":["post-8692","post","type-post","status-publish","format-standard","has-post-thumbnail","hentry","category-minuto-a-minuto","category-zona-gris","tag-santiago-suchilquitongo"],"jetpack_featured_media_url":"https:\/\/zonaroja.com.mx\/wp-content\/uploads\/2020\/02\/Santiago-Suchilquitongo.jpg","jetpack_sharing_enabled":true,"_links":{"self":[{"href":"https:\/\/zonaroja.com.mx\/index.php?rest_route=\/wp\/v2\/posts\/8692","targetHints":{"allow":["GET"]}}],"collection":[{"href":"https:\/\/zonaroja.com.mx\/index.php?rest_route=\/wp\/v2\/posts"}],"about":[{"href":"https:\/\/zonaroja.com.mx\/index.php?rest_route=\/wp\/v2\/types\/post"}],"author":[{"embeddable":true,"href":"https:\/\/zonaroja.com.mx\/index.php?rest_route=\/wp\/v2\/users\/2"}],"replies":[{"embeddable":true,"href":"https:\/\/zonaroja.com.mx\/index.php?rest_route=%2Fwp%2Fv2%2Fcomments&post=8692"}],"version-history":[{"count":1,"href":"https:\/\/zonaroja.com.mx\/index.php?rest_route=\/wp\/v2\/posts\/8692\/revisions"}],"predecessor-version":[{"id":8694,"href":"https:\/\/zonaroja.com.mx\/index.php?rest_route=\/wp\/v2\/posts\/8692\/revisions\/8694"}],"wp:featuredmedia":[{"embeddable":true,"href":"https:\/\/zonaroja.com.mx\/index.php?rest_route=\/wp\/v2\/media\/8693"}],"wp:attachment":[{"href":"https:\/\/zonaroja.com.mx\/index.php?rest_route=%2Fwp%2Fv2%2Fmedia&parent=8692"}],"wp:term":[{"taxonomy":"category","embeddable":true,"href":"https:\/\/zonaroja.com.mx\/index.php?rest_route=%2Fwp%2Fv2%2Fcategories&post=8692"},{"taxonomy":"post_tag","embeddable":true,"href":"https:\/\/zonaroja.com.mx\/index.php?rest_route=%2Fwp%2Fv2%2Ftags&post=8692"}],"curies":[{"name":"wp","href":"https:\/\/api.w.org\/{rel}","templated":true}]}}