{"id":86921,"date":"2025-11-15T07:30:00","date_gmt":"2025-11-15T13:30:00","guid":{"rendered":"https:\/\/zonaroja.com.mx\/?p=86921"},"modified":"2025-11-15T07:06:00","modified_gmt":"2025-11-15T13:06:00","slug":"matan-a-balazos-a-otra-mujer-en-juchitan-7-crimenes-en-5-dias","status":"publish","type":"post","link":"https:\/\/zonaroja.com.mx\/?p=86921","title":{"rendered":"Matan a balazos a otra mujer en Juchit\u00e1n; 7 cr\u00edmenes en 5 d\u00edas"},"content":{"rendered":"\n<p>Ismael Garc\u00eda M.\/Zona Roja.<\/p>\n\n\n\n<p>Oaxaca, Oax., a 15 de noviembre de 2025.- Pese a la presencia policiaca federal y estatal, la violencia criminal escal\u00f3 anoche en Juchit\u00e1n de Zaragoza, con el asesinato a balazos de una mujer.<\/p>\n\n\n\n<p>Con este probable feminicidio, suman siete personas, ultimadas por disparos de arma de fuego en cinco d\u00edas, de las cuales cuatro son mujeres, una de ellas Noelia Daylen, de cuatro a\u00f1os de edad.<\/p>\n\n\n\n<p>Cerca de la media noche de ayer afuera de una tienda Oxxo, calle Mariano Abasolo del fraccionamiento Infonavit Zapand\u00fa, una mujer fue agredida a balazos cuando se dispon\u00eda a abordar su unidad de motor, presuntamente por resistirse a un asalto.<\/p>\n\n\n\n<p>La v\u00edctima fue identificada de manera preliminar como Adriana de J., de aproximadamente 53 a\u00f1os de edad y originaria del estado de Chiapas, de profesi\u00f3n docente.<\/p>\n\n\n\n<p>A falta de polic\u00edas municipales en la zona, el delincuente logr\u00f3 huir de la zona; personal de la Vicefiscal\u00eda Regional del Istmo, de la Fiscal\u00eda General del Estado de Oaxaca, contin\u00faa con las indagatorias del caso.<\/p>\n\n\n\n<p>Fue el lunes en que reinici\u00f3 la ola criminal en Juchit\u00e1n de Zaragoza, con un ataque armado en que ejecutaron a dos mujeres y un var\u00f3n; ese mismo d\u00eda se report\u00f3 la desaparici\u00f3n de la ni\u00f1a Noelia Daylen, hija de una de las v\u00edctimas fatales.<\/p>\n\n\n\n<p>El martes 11 de noviembre fue localizado el cuerpo sin vida de la peque\u00f1a de cuatro a\u00f1os de edad, quien al parecer fue asfixiada.&nbsp;<\/p>\n\n\n\n<p>El mi\u00e9rcoles, corporaciones policiacas estatales y federales intensificaron la Operaci\u00f3n \u201cSable\u201d con alrededor de 500 elementos, coordinados por la Fiscal\u00eda General del Estado.<\/p>\n\n\n\n<p>Ayer viernes por la ma\u00f1ana fueron ejecutadas otras dos personas, cuyos cuerpos, con varios impactos de bala y maniatados, fueron embolsados y tirados en una v\u00eda p\u00fablica; por la noche mataron a una femenina, al parecer por un asalto.<\/p>\n\n\n\n<p>OTRO MUERTO<\/p>\n\n\n\n<p>Por otra parte, la persona que fue atacada a pu\u00f1aladas la tarde del jueves en la calle Galeana del centro de la ciudad de Oaxaca, perdi\u00f3 la vida en el Hospital Civil \u201cDr. Aurelio Valdivieso\u201d.<\/p>\n\n\n\n<p>La v\u00edctima de aproximadamente 35 a\u00f1os de edad a\u00fan no ha sido identificada como tampoco sus agresores; personal param\u00e9dico de la Cruz Roja Mexicana le hab\u00eda brindado los primeros auxilios y lo traslad\u00f3 a un nosocomio.<\/p>\n","protected":false},"excerpt":{"rendered":"<p>Ismael Garc\u00eda M.\/Zona Roja. Oaxaca, Oax., a 15 de noviembre de 2025.- Pese a la&hellip;<\/p>\n","protected":false},"author":2,"featured_media":86922,"comment_status":"closed","ping_status":"open","sticky":false,"template":"","format":"standard","meta":{"_lmt_disableupdate":"","_lmt_disable":"","_jetpack_memberships_contains_paid_content":false,"footnotes":""},"categories":[109,51],"tags":[1604],"class_list":["post-86921","post","type-post","status-publish","format-standard","has-post-thumbnail","hentry","category-minuto-a-minuto","category-zona-roja","tag-asesinan-a-mujer-en-juchitan"],"jetpack_featured_media_url":"https:\/\/zonaroja.com.mx\/wp-content\/uploads\/2025\/11\/Mujer-asesinada-Oxxo-Zapandu-Juchitan.jpg","jetpack_sharing_enabled":true,"_links":{"self":[{"href":"https:\/\/zonaroja.com.mx\/index.php?rest_route=\/wp\/v2\/posts\/86921","targetHints":{"allow":["GET"]}}],"collection":[{"href":"https:\/\/zonaroja.com.mx\/index.php?rest_route=\/wp\/v2\/posts"}],"about":[{"href":"https:\/\/zonaroja.com.mx\/index.php?rest_route=\/wp\/v2\/types\/post"}],"author":[{"embeddable":true,"href":"https:\/\/zonaroja.com.mx\/index.php?rest_route=\/wp\/v2\/users\/2"}],"replies":[{"embeddable":true,"href":"https:\/\/zonaroja.com.mx\/index.php?rest_route=%2Fwp%2Fv2%2Fcomments&post=86921"}],"version-history":[{"count":1,"href":"https:\/\/zonaroja.com.mx\/index.php?rest_route=\/wp\/v2\/posts\/86921\/revisions"}],"predecessor-version":[{"id":86923,"href":"https:\/\/zonaroja.com.mx\/index.php?rest_route=\/wp\/v2\/posts\/86921\/revisions\/86923"}],"wp:featuredmedia":[{"embeddable":true,"href":"https:\/\/zonaroja.com.mx\/index.php?rest_route=\/wp\/v2\/media\/86922"}],"wp:attachment":[{"href":"https:\/\/zonaroja.com.mx\/index.php?rest_route=%2Fwp%2Fv2%2Fmedia&parent=86921"}],"wp:term":[{"taxonomy":"category","embeddable":true,"href":"https:\/\/zonaroja.com.mx\/index.php?rest_route=%2Fwp%2Fv2%2Fcategories&post=86921"},{"taxonomy":"post_tag","embeddable":true,"href":"https:\/\/zonaroja.com.mx\/index.php?rest_route=%2Fwp%2Fv2%2Ftags&post=86921"}],"curies":[{"name":"wp","href":"https:\/\/api.w.org\/{rel}","templated":true}]}}