{"id":86924,"date":"2025-11-15T08:30:00","date_gmt":"2025-11-15T14:30:00","guid":{"rendered":"https:\/\/zonaroja.com.mx\/?p=86924"},"modified":"2025-11-15T07:16:52","modified_gmt":"2025-11-15T13:16:52","slug":"vinculan-a-proceso-a-tres-mujeres-por-el-asesinato-de-noelia-daylen","status":"publish","type":"post","link":"https:\/\/zonaroja.com.mx\/?p=86924","title":{"rendered":"Vinculan a proceso a tres mujeres por el asesinato de Noelia Daylen"},"content":{"rendered":"\n<p>Raymundo Morales\/Zona Roja.<\/p>\n\n\n\n<p>Oaxaca, Oax., a 15 de noviembre de 2025.- La Fiscal\u00eda General del Estado de Oaxaca (FGEO) solicit\u00f3 la vinculaci\u00f3n a proceso y obtuvo prisi\u00f3n preventiva contra tres mujeres identificadas como R.E.B.N., M.G.S.P. y R.I.P.G., imputadas por el delito de homicidio calificado.<\/p>\n\n\n\n<p>Las tres estar\u00edan relacionadas con el caso de la desaparici\u00f3n y fallecimiento de N.D.S.G. (Noelia Daylen), una ni\u00f1a de cuatro a\u00f1os de edad, por hechos ocurridos el 10 de noviembre de 2025 en Juchit\u00e1n de Zaragoza.<\/p>\n\n\n\n<p>En un comunicado, la instituci\u00f3n detall\u00f3 que la imputaci\u00f3n formal se realiz\u00f3 durante la audiencia inicial, en la que el Juez de Control determin\u00f3 que eran suficientes las pruebas presentadas por el Ministerio P\u00fablico en contra de las tres mujeres, por ello, permanecer\u00e1n en prisi\u00f3n preventiva mientras avanzan las investigaciones y se desarrolla el proceso penal correspondiente.<\/p>\n\n\n\n<p>Expuso que la detenci\u00f3n de las tres mujeres fue resultado de la implementaci\u00f3n de un amplio despliegue encabezado por la Fiscal\u00eda, a trav\u00e9s de la Vicefiscal\u00eda Regional del Istmo, en coordinaci\u00f3n con las secretar\u00edas de Marina, de la Defensa Nacional, la Guardia Nacional, la Polic\u00eda Estatal y la Agencia Estatal de Investigaciones (AEI).&nbsp;<\/p>\n\n\n\n<p>\u201cLa articulaci\u00f3n de capacidades operativas e inteligencia criminal permiti\u00f3 conocer la ubicaci\u00f3n y hallar a la v\u00edctima\u201d, destac\u00f3 la instituci\u00f3n de procuraci\u00f3n de justicia.&nbsp;<\/p>\n\n\n\n<p>Expuso que en el despliegue del operativo interinstitucional se efectuaron intervenciones en domicilios, comercios y espacios frecuentados por la madre de la v\u00edctima, como parte de las acciones de b\u00fasqueda de la menor de edad, adem\u00e1s de labores de an\u00e1lisis e inteligencia que permitieron recabar informaci\u00f3n clave para su b\u00fasqueda.<\/p>\n\n\n\n<p>Sin embargo, la ni\u00f1a fue localizada sin vida al interior de un domicilio particular en la colonia La Planta, donde se realiz\u00f3 la detenci\u00f3n inmediata de las tres personas imputadas.<\/p>\n\n\n\n<p>La Fiscal\u00eda mantiene abiertas diversas l\u00edneas de investigaci\u00f3n y trabaja en el an\u00e1lisis de inteligencia criminal que apunta a que estos hechos podr\u00edan estar relacionados con una c\u00e9lula delictiva generadora de violencia que opera en la regi\u00f3n del Istmo de Tehuantepec.<\/p>\n","protected":false},"excerpt":{"rendered":"<p>Raymundo Morales\/Zona Roja. Oaxaca, Oax., a 15 de noviembre de 2025.- La Fiscal\u00eda General del&hellip;<\/p>\n","protected":false},"author":2,"featured_media":86925,"comment_status":"closed","ping_status":"open","sticky":false,"template":"","format":"standard","meta":{"_lmt_disableupdate":"","_lmt_disable":"","_jetpack_memberships_contains_paid_content":false,"footnotes":""},"categories":[109,46],"tags":[494,123,4519],"class_list":["post-86924","post","type-post","status-publish","format-standard","has-post-thumbnail","hentry","category-minuto-a-minuto","category-zona-blanca","tag-fiscalia-general-del-estado-de-oaxaca","tag-juchitan-de-zaragoza","tag-noelia-daylen-s-g"],"jetpack_featured_media_url":"https:\/\/zonaroja.com.mx\/wp-content\/uploads\/2025\/11\/Detenidas-mujeres-Juchitan-caso-Noelia-Daylen.jpg","jetpack_sharing_enabled":true,"_links":{"self":[{"href":"https:\/\/zonaroja.com.mx\/index.php?rest_route=\/wp\/v2\/posts\/86924","targetHints":{"allow":["GET"]}}],"collection":[{"href":"https:\/\/zonaroja.com.mx\/index.php?rest_route=\/wp\/v2\/posts"}],"about":[{"href":"https:\/\/zonaroja.com.mx\/index.php?rest_route=\/wp\/v2\/types\/post"}],"author":[{"embeddable":true,"href":"https:\/\/zonaroja.com.mx\/index.php?rest_route=\/wp\/v2\/users\/2"}],"replies":[{"embeddable":true,"href":"https:\/\/zonaroja.com.mx\/index.php?rest_route=%2Fwp%2Fv2%2Fcomments&post=86924"}],"version-history":[{"count":1,"href":"https:\/\/zonaroja.com.mx\/index.php?rest_route=\/wp\/v2\/posts\/86924\/revisions"}],"predecessor-version":[{"id":86926,"href":"https:\/\/zonaroja.com.mx\/index.php?rest_route=\/wp\/v2\/posts\/86924\/revisions\/86926"}],"wp:featuredmedia":[{"embeddable":true,"href":"https:\/\/zonaroja.com.mx\/index.php?rest_route=\/wp\/v2\/media\/86925"}],"wp:attachment":[{"href":"https:\/\/zonaroja.com.mx\/index.php?rest_route=%2Fwp%2Fv2%2Fmedia&parent=86924"}],"wp:term":[{"taxonomy":"category","embeddable":true,"href":"https:\/\/zonaroja.com.mx\/index.php?rest_route=%2Fwp%2Fv2%2Fcategories&post=86924"},{"taxonomy":"post_tag","embeddable":true,"href":"https:\/\/zonaroja.com.mx\/index.php?rest_route=%2Fwp%2Fv2%2Ftags&post=86924"}],"curies":[{"name":"wp","href":"https:\/\/api.w.org\/{rel}","templated":true}]}}