{"id":86927,"date":"2025-11-15T09:45:00","date_gmt":"2025-11-15T15:45:00","guid":{"rendered":"https:\/\/zonaroja.com.mx\/?p=86927"},"modified":"2025-11-15T07:27:04","modified_gmt":"2025-11-15T13:27:04","slug":"suman-tres-asesinados-que-estarian-relacionadas-con-el-crimen-de-carlos-manzo","status":"publish","type":"post","link":"https:\/\/zonaroja.com.mx\/?p=86927","title":{"rendered":"Suman tres asesinados que estar\u00edan relacionadas con el crimen de Carlos Manzo"},"content":{"rendered":"\n<p>Redacci\u00f3n\/Zona Roja Cdmx.<\/p>\n\n\n\n<p>(Informaci\u00f3n del sitio Eje Central)<\/p>\n\n\n\n<p>Ciudad de M\u00e9xico, a 15 de noviembre de 2025.- El caso del asesinato del Alcalde de Uruapan, Carlos Manzo, dio un nuevo giro despu\u00e9s de que el gobernador de Michoac\u00e1n, Alfredo Ram\u00edrez Bedolla, confirm\u00f3 la ejecuci\u00f3n de dos presuntos implicados encontrados sin vida en la regi\u00f3n de Cap\u00e1cuaro.&nbsp;<\/p>\n\n\n\n<p>El hallazgo, junto con las dudas sobre el abatimiento del agresor detenido el d\u00eda del ataque, ampl\u00eda las l\u00edneas de investigaci\u00f3n y mantiene la atenci\u00f3n p\u00fablica sobre uno de los hechos m\u00e1s violentos en el estado.<\/p>\n\n\n\n<p>Ram\u00edrez Bedolla inform\u00f3 que la Fiscal\u00eda General del Estado de Michoac\u00e1n identific\u00f3 a dos personas presuntamente relacionadas con el ataque contra Manzo. Ambos habr\u00edan acompa\u00f1ado al joven se\u00f1alado como agresor directo el pasado 1 de noviembre, d\u00eda en que ocurri\u00f3 el homicidio del edil.<\/p>\n\n\n\n<p>\u201cLo que s\u00ed confirma la Fiscal\u00eda es que participaron otras dos personas que acompa\u00f1aban al homicida, y estas personas son los dos que aparecieron en Cap\u00e1cuaro muertos\u201d, explic\u00f3 el mandatario estatal durante una conferencia de prensa.<\/p>\n\n\n\n<p>Seg\u00fan los primeros reportes, uno de los fallecidos tendr\u00eda 16 a\u00f1os, lo que refuerza la participaci\u00f3n de menores de edad en el ataque.<\/p>\n\n\n\n<p>Los cuerpos fueron localizados el lunes pasado a un costado de la carretera Uruapan\u2013Paracho, en la comunidad de Cap\u00e1cuaro, una zona donde la violencia ha repuntado en los \u00faltimos meses. La Fiscal\u00eda confirm\u00f3 que los restos presentan similitudes con los perfiles investigados desde el d\u00eda del ataque.<\/p>\n\n\n\n<p>Las autoridades estatales indicaron que los dos j\u00f3venes formaban parte del mismo grupo que actu\u00f3 junto al agresor principal, quien tambi\u00e9n muri\u00f3 d\u00edas antes en circunstancias que hoy forman parte de una investigaci\u00f3n paralela.<\/p>\n\n\n\n<p>El Gobernador afirm\u00f3 que la informaci\u00f3n ya fue validada por mandos estatales y federales.<br>\u201cEs una informaci\u00f3n ya fidedigna y est\u00e1 compulsada, revisada, compartida con el Secretario de Seguridad P\u00fablica y Protecci\u00f3n Ciudadana, Omar Garc\u00eda Harfuch\u201d, se\u00f1al\u00f3 Ram\u00edrez Bedolla.<\/p>\n\n\n\n<p>Record\u00f3 que apenas el 10 de noviembre inform\u00f3 sobre la revisi\u00f3n que realizan las autoridades respecto al operativo en el que muri\u00f3 el presunto agresor, identificado como Miguel \u00c1ngel Ubaldo Vidales, un joven de 17 a\u00f1os que habr\u00eda disparado contra el alcalde.<\/p>\n\n\n\n<p>La Fiscal\u00eda mantiene abierta una l\u00ednea de investigaci\u00f3n sobre las circunstancias en las que muri\u00f3 el presunto homicida. El Gobernador detall\u00f3 que revisan si los elementos de seguridad actuaron conforme a los protocolos establecidos.<\/p>\n\n\n\n<p>\u201cSe est\u00e1 investigando tambi\u00e9n por qu\u00e9 el abatimiento en el lugar del homicida, porque el homicida lo detienen y momentos despu\u00e9s hay un forcejeo y hay un solo disparo que abate al homicida\u201d, explic\u00f3.<\/p>\n\n\n\n<p>Las autoridades analizan si existi\u00f3 un manejo correcto durante la detenci\u00f3n, as\u00ed como las razones del forcejeo que termin\u00f3 con un disparo fatal.<\/p>\n\n\n\n<p>Ram\u00edrez Bedolla reiter\u00f3 que el joven identificado como atacante era menor de edad, un elemento que abre nuevas preguntas sobre su reclutamiento y participaci\u00f3n.<\/p>\n\n\n\n<p>\u201cDesde el primer momento supimos que era un menor de edad [\u2026] finalmente est\u00e1 identificado y esto abre tambi\u00e9n l\u00edneas de investigaci\u00f3n\u201d, afirm\u00f3.<\/p>\n","protected":false},"excerpt":{"rendered":"<p>Redacci\u00f3n\/Zona Roja Cdmx. (Informaci\u00f3n del sitio Eje Central) Ciudad de M\u00e9xico, a 15 de noviembre&hellip;<\/p>\n","protected":false},"author":2,"featured_media":86477,"comment_status":"closed","ping_status":"open","sticky":false,"template":"","format":"standard","meta":{"_lmt_disableupdate":"","_lmt_disable":"","_jetpack_memberships_contains_paid_content":false,"footnotes":""},"categories":[109,51],"tags":[4507],"class_list":["post-86927","post","type-post","status-publish","format-standard","has-post-thumbnail","hentry","category-minuto-a-minuto","category-zona-roja","tag-carlos-manzo-rodriguez"],"jetpack_featured_media_url":"https:\/\/zonaroja.com.mx\/wp-content\/uploads\/2025\/11\/Carlos-Manzo-Uruapan.jpeg","jetpack_sharing_enabled":true,"_links":{"self":[{"href":"https:\/\/zonaroja.com.mx\/index.php?rest_route=\/wp\/v2\/posts\/86927","targetHints":{"allow":["GET"]}}],"collection":[{"href":"https:\/\/zonaroja.com.mx\/index.php?rest_route=\/wp\/v2\/posts"}],"about":[{"href":"https:\/\/zonaroja.com.mx\/index.php?rest_route=\/wp\/v2\/types\/post"}],"author":[{"embeddable":true,"href":"https:\/\/zonaroja.com.mx\/index.php?rest_route=\/wp\/v2\/users\/2"}],"replies":[{"embeddable":true,"href":"https:\/\/zonaroja.com.mx\/index.php?rest_route=%2Fwp%2Fv2%2Fcomments&post=86927"}],"version-history":[{"count":1,"href":"https:\/\/zonaroja.com.mx\/index.php?rest_route=\/wp\/v2\/posts\/86927\/revisions"}],"predecessor-version":[{"id":86928,"href":"https:\/\/zonaroja.com.mx\/index.php?rest_route=\/wp\/v2\/posts\/86927\/revisions\/86928"}],"wp:featuredmedia":[{"embeddable":true,"href":"https:\/\/zonaroja.com.mx\/index.php?rest_route=\/wp\/v2\/media\/86477"}],"wp:attachment":[{"href":"https:\/\/zonaroja.com.mx\/index.php?rest_route=%2Fwp%2Fv2%2Fmedia&parent=86927"}],"wp:term":[{"taxonomy":"category","embeddable":true,"href":"https:\/\/zonaroja.com.mx\/index.php?rest_route=%2Fwp%2Fv2%2Fcategories&post=86927"},{"taxonomy":"post_tag","embeddable":true,"href":"https:\/\/zonaroja.com.mx\/index.php?rest_route=%2Fwp%2Fv2%2Ftags&post=86927"}],"curies":[{"name":"wp","href":"https:\/\/api.w.org\/{rel}","templated":true}]}}