{"id":86929,"date":"2025-11-15T10:45:00","date_gmt":"2025-11-15T16:45:00","guid":{"rendered":"https:\/\/zonaroja.com.mx\/?p=86929"},"modified":"2025-11-15T07:49:09","modified_gmt":"2025-11-15T13:49:09","slug":"fortalece-el-dif-de-oaxaca-capital-la-atencion-a-las-personas-adultas-mayores","status":"publish","type":"post","link":"https:\/\/zonaroja.com.mx\/?p=86929","title":{"rendered":"Fortalece el DIF de Oaxaca capital la atenci\u00f3n a las personas adultas mayores"},"content":{"rendered":"\n<p>Redacci\u00f3n\/Zona Roja.<\/p>\n\n\n\n<p>Oaxaca, Oax., a 15 de noviembre de 2025.- La presidenta honoraria del DIF Municipal de Oaxaca de Ju\u00e1rez, Gaby Garc\u00eda, realiz\u00f3 un recorrido de supervisi\u00f3n en la Casa Hogar de la Adulta y el Adulto Mayor, ubicada en la agencia de Santa Rosa Panzacola, con el prop\u00f3sito de revisar el estado de las instalaciones y dar seguimiento al mantenimiento de sus distintas \u00e1reas.<\/p>\n\n\n\n<p>Durante la visita, la presidenta convivi\u00f3 con las y los residentes, escuch\u00f3 sus inquietudes y reafirm\u00f3 el compromiso de brindar un acompa\u00f1amiento cercano y humano a quienes han dedicado su vida a construir comunidad. Este encuentro permiti\u00f3 identificar mejoras prioritarias para fortalecer la atenci\u00f3n integral dentro del espacio.<\/p>\n\n\n\n<p>Como parte del trabajo permanente del DIF Municipal, se impulsan acciones coordinadas para asegurar que este hogar cuente con servicios dignos, entornos seguros y un trato sensible para cada persona adulta mayor.<\/p>\n\n\n\n<p>Estas tareas incluyen mantenimiento continuo, actividades de convivencia, atenci\u00f3n especializada y procesos de mejora que colocan a las y los residentes en el centro de las decisiones.<\/p>\n\n\n\n<p>El equipo del DIF Municipal y de la Casa Hogar contin\u00faa transformando, con energ\u00eda, dedicaci\u00f3n y coraz\u00f3n, la vida de las personas adultas mayores, garantizando que reciban el cuidado, respeto y la calidez que merecen.<\/p>\n","protected":false},"excerpt":{"rendered":"<p>Redacci\u00f3n\/Zona Roja. Oaxaca, Oax., a 15 de noviembre de 2025.- La presidenta honoraria del DIF&hellip;<\/p>\n","protected":false},"author":2,"featured_media":86934,"comment_status":"closed","ping_status":"open","sticky":false,"template":"","format":"standard","meta":{"_lmt_disableupdate":"","_lmt_disable":"","_jetpack_memberships_contains_paid_content":false,"footnotes":""},"categories":[109,46],"tags":[148],"class_list":["post-86929","post","type-post","status-publish","format-standard","has-post-thumbnail","hentry","category-minuto-a-minuto","category-zona-blanca","tag-oaxaca-de-juarez"],"jetpack_featured_media_url":"https:\/\/zonaroja.com.mx\/wp-content\/uploads\/2025\/11\/Gaby-Garcia-DIF-municipal-Oaxaca.jpg","jetpack_sharing_enabled":true,"_links":{"self":[{"href":"https:\/\/zonaroja.com.mx\/index.php?rest_route=\/wp\/v2\/posts\/86929","targetHints":{"allow":["GET"]}}],"collection":[{"href":"https:\/\/zonaroja.com.mx\/index.php?rest_route=\/wp\/v2\/posts"}],"about":[{"href":"https:\/\/zonaroja.com.mx\/index.php?rest_route=\/wp\/v2\/types\/post"}],"author":[{"embeddable":true,"href":"https:\/\/zonaroja.com.mx\/index.php?rest_route=\/wp\/v2\/users\/2"}],"replies":[{"embeddable":true,"href":"https:\/\/zonaroja.com.mx\/index.php?rest_route=%2Fwp%2Fv2%2Fcomments&post=86929"}],"version-history":[{"count":1,"href":"https:\/\/zonaroja.com.mx\/index.php?rest_route=\/wp\/v2\/posts\/86929\/revisions"}],"predecessor-version":[{"id":86935,"href":"https:\/\/zonaroja.com.mx\/index.php?rest_route=\/wp\/v2\/posts\/86929\/revisions\/86935"}],"wp:featuredmedia":[{"embeddable":true,"href":"https:\/\/zonaroja.com.mx\/index.php?rest_route=\/wp\/v2\/media\/86934"}],"wp:attachment":[{"href":"https:\/\/zonaroja.com.mx\/index.php?rest_route=%2Fwp%2Fv2%2Fmedia&parent=86929"}],"wp:term":[{"taxonomy":"category","embeddable":true,"href":"https:\/\/zonaroja.com.mx\/index.php?rest_route=%2Fwp%2Fv2%2Fcategories&post=86929"},{"taxonomy":"post_tag","embeddable":true,"href":"https:\/\/zonaroja.com.mx\/index.php?rest_route=%2Fwp%2Fv2%2Ftags&post=86929"}],"curies":[{"name":"wp","href":"https:\/\/api.w.org\/{rel}","templated":true}]}}