{"id":86936,"date":"2025-11-15T11:45:00","date_gmt":"2025-11-15T17:45:00","guid":{"rendered":"https:\/\/zonaroja.com.mx\/?p=86936"},"modified":"2025-11-15T07:57:46","modified_gmt":"2025-11-15T13:57:46","slug":"el-cecam-espacio-de-formacion-musical-de-tlahuitoltepec-celebrara-su-46-anos","status":"publish","type":"post","link":"https:\/\/zonaroja.com.mx\/?p=86936","title":{"rendered":"El CECAM, espacio de formaci\u00f3n musical de Tlahuitoltepec, celebrar\u00e1 su 46 a\u00f1os"},"content":{"rendered":"\n<p>Lisbeth Mej\u00eda Reyes\/Zona Roja.<\/p>\n\n\n\n<p>Oaaxaca, Oax., a 15 de noviembre de 2025.- Con el lema \u00abCECAM, 48 A\u00f1os de Armon\u00eda, 48 A\u00f1os de Identidad\u00bb, el Centro de Capacitaci\u00f3n Musical y Desarrollo de la Cultura Mixe (CECAM) celebra este 15 y 16 de noviembre su aniversario 48, tiempo en el que la instituci\u00f3n se ha convertido en un referente educativo del estado de Oaxaca.<\/p>\n\n\n\n<p>Para este festejo, el CECAM tendr\u00e1 un programa sociocultural a partir de las 16:00 horas de este s\u00e1bado, en la cancha municipal de Santa Mar\u00eda Tlahuitoltepec.&nbsp;<\/p>\n\n\n\n<p>Ser\u00e1 con la presentaci\u00f3n estelar de su Banda Filarm\u00f3nica, acompa\u00f1ada por la Escuela Superior de Danza Folkl\u00f3rica Mexicana C\u00b4Acatl.&nbsp;<\/p>\n\n\n\n<p>A las 20:00 horas se efectuar\u00e1 la tradicional calenda, un recorrido festivo con la comunidad y que saldr\u00e1 de las instalaciones de la instituci\u00f3n.<\/p>\n\n\n\n<p>El domingo 16, la celebraci\u00f3n inicia a las 06:00 horas con la entonaci\u00f3n de Las Ma\u00f1anitas, para lo cual se reunir\u00e1n varias bandas musicales en las instalaciones de la escuela. Posteriormente, a las 9:30, ser\u00e1 el concierto de aniversario en la cancha municipal, en el que participar\u00e1n todas las bandas del CECAM, as\u00ed como la banda invitada: La Consentida del Sur Banda Sierra Nublada y la Escuela Superior de Danza Folkl\u00f3rica Mexicana C\u00b4Acatl.<\/p>\n\n\n\n<p>El festejo concluye con un baile popular a las 21:00 horas en la misma cancha, amenizado por La Consentida del Sur Banda Sierra Nublada.<\/p>\n\n\n\n<p>A trav\u00e9s de sus redes sociales y de su p\u00e1gina web, el CECAM ha difundido la invitaci\u00f3n para los festejos, en los que espera a exalumnos, padres de familia, m\u00fasicos, autoridades y p\u00fablico en general.<\/p>\n\n\n\n<p>RECONOCIMIENTO<\/p>\n\n\n\n<p>\u00abDesde su fundaci\u00f3n, el CECAM ha sido un pilar fundamental para la preservaci\u00f3n y el desarrollo de la m\u00fasica tradicional de Oaxaca. Su compromiso se refleja en sus programas de estudio, como el nivel t\u00e9cnico profesional en m\u00fasica tradicional de Oaxaca, cuyos planes de estudio se trabajan en coordinaci\u00f3n con el Instituto Nacional de Bellas Artes y Literatura (INBAL) y el Conservatorio Nacional de M\u00fasica (CNM) para la certificaci\u00f3n y titulaci\u00f3n de talentos\u00bb, explica la instituci\u00f3n sobre su modelo educativo.<\/p>\n\n\n\n<p>Tambi\u00e9n se\u00f1ala que en este se \u00abarticula la tradici\u00f3n con la formaci\u00f3n acad\u00e9mica en seis l\u00edneas curriculares (lenguaje musical, pr\u00e1ctica musical, hist\u00f3rica, docencia, creatividad musical y, cient\u00edfica y tecnol\u00f3gica)\u00bb, lo que ha permitido \u00abque sus egresados se incorporen al nivel superior o se desempe\u00f1en como formadores de bandas, llevando la identidad mixe a cada rinc\u00f3n\u00bb.<\/p>\n\n\n\n<p>Adem\u00e1s de ser una instituci\u00f3n educativa, el CECAM tambi\u00e9n ha logrado una proyecci\u00f3n musical a trav\u00e9s de su banda, la cual se ha presentado en diferentes foros del estado de Oaxaca y del pa\u00eds.<\/p>\n\n\n\n<p>De igual manera, ha grabado varios discos, entre estos \u00abEcos del Zempoaltepetl\u00bb (2019); \u00abAlientos del Bajo Mixe\u00bb (2018), en el que comparte cr\u00e9ditos con Eduardo \u201cMezcalito\u201d D. M\u00e9ndez; \u00abXu\u00b4ukx &#8211; Colibr\u00ed\u00bb (2015), con C\u00e9sar Bugarin; \u00abX\u00eb\u00ebw\u00bb, Vol. I y II (2013), en los que comparte cr\u00e9ditos con Lila Downs, Adri\u00e1n Terrazas-Gonz\u00e1lez, Natalia Lafourcade, Susana Harp, Troker, Colectivo Aho, Sonex, Atl, SdB, Mar\u00eda Reyna, Belafonte Sensacional, Ana D\u00edaz, Ely Guerra, Hello Seahorse!, Denisse Guti\u00e9rrez, entre otros.<\/p>\n","protected":false},"excerpt":{"rendered":"<p>Lisbeth Mej\u00eda Reyes\/Zona Roja. Oaaxaca, Oax., a 15 de noviembre de 2025.- Con el lema&hellip;<\/p>\n","protected":false},"author":2,"featured_media":86938,"comment_status":"closed","ping_status":"open","sticky":false,"template":"","format":"standard","meta":{"_lmt_disableupdate":"","_lmt_disable":"","_jetpack_memberships_contains_paid_content":false,"footnotes":""},"categories":[109,46],"tags":[1798],"class_list":["post-86936","post","type-post","status-publish","format-standard","has-post-thumbnail","hentry","category-minuto-a-minuto","category-zona-blanca","tag-centro-de-capacitacion-musical-y-desarrollo-cultural-mixe-cecam"],"jetpack_featured_media_url":"https:\/\/zonaroja.com.mx\/wp-content\/uploads\/2025\/11\/CECAM-Tlahuitoltepec-Mixe.jpg","jetpack_sharing_enabled":true,"_links":{"self":[{"href":"https:\/\/zonaroja.com.mx\/index.php?rest_route=\/wp\/v2\/posts\/86936","targetHints":{"allow":["GET"]}}],"collection":[{"href":"https:\/\/zonaroja.com.mx\/index.php?rest_route=\/wp\/v2\/posts"}],"about":[{"href":"https:\/\/zonaroja.com.mx\/index.php?rest_route=\/wp\/v2\/types\/post"}],"author":[{"embeddable":true,"href":"https:\/\/zonaroja.com.mx\/index.php?rest_route=\/wp\/v2\/users\/2"}],"replies":[{"embeddable":true,"href":"https:\/\/zonaroja.com.mx\/index.php?rest_route=%2Fwp%2Fv2%2Fcomments&post=86936"}],"version-history":[{"count":1,"href":"https:\/\/zonaroja.com.mx\/index.php?rest_route=\/wp\/v2\/posts\/86936\/revisions"}],"predecessor-version":[{"id":86939,"href":"https:\/\/zonaroja.com.mx\/index.php?rest_route=\/wp\/v2\/posts\/86936\/revisions\/86939"}],"wp:featuredmedia":[{"embeddable":true,"href":"https:\/\/zonaroja.com.mx\/index.php?rest_route=\/wp\/v2\/media\/86938"}],"wp:attachment":[{"href":"https:\/\/zonaroja.com.mx\/index.php?rest_route=%2Fwp%2Fv2%2Fmedia&parent=86936"}],"wp:term":[{"taxonomy":"category","embeddable":true,"href":"https:\/\/zonaroja.com.mx\/index.php?rest_route=%2Fwp%2Fv2%2Fcategories&post=86936"},{"taxonomy":"post_tag","embeddable":true,"href":"https:\/\/zonaroja.com.mx\/index.php?rest_route=%2Fwp%2Fv2%2Ftags&post=86936"}],"curies":[{"name":"wp","href":"https:\/\/api.w.org\/{rel}","templated":true}]}}