{"id":86940,"date":"2025-11-15T00:45:00","date_gmt":"2025-11-15T06:45:00","guid":{"rendered":"https:\/\/zonaroja.com.mx\/?p=86940"},"modified":"2025-11-15T08:00:42","modified_gmt":"2025-11-15T14:00:42","slug":"matan-a-dirigente-de-la-ctm-en-guerrero-balean-casa-de-edil-de-jaltipan","status":"publish","type":"post","link":"https:\/\/zonaroja.com.mx\/?p=86940","title":{"rendered":"Matan a dirigente de la CTM en Guerrero; balean casa de edil de Jaltipan"},"content":{"rendered":"\n<p>Redacci\u00f3n\/Zona Roja Cdmx.<\/p>\n\n\n\n<p>(Informaci\u00f3n de \u201cLa Jornada\u201d)<\/p>\n\n\n\n<p>Ciudad de M\u00e9xico, a 15 de noviembre de 2025.- Efr\u00e9n Neftal\u00ed Adame Garc\u00eda, secretario general de la secci\u00f3n 110 de la Confederaci\u00f3n de Trabajadores de M\u00e9xico (CTM), fue asesinado a tiros ayer en el municipio de Marquelia, regi\u00f3n Costa Chica de Guerrero.<\/p>\n\n\n\n<p>El ataque se perpetr\u00f3 alrededor de las 14:30 horas en el bulevar Ren\u00e9 Gonz\u00e1lez Justo, frente al z\u00f3calo, cuando el cetemista, hijo del ex alcalde de Ometepec, Efr\u00e9n Adame Montalv\u00e1n, estaba acompa\u00f1ado de su familia en una tienda, informaron fuentes de seguridad.<\/p>\n\n\n\n<p>Elementos municipales acordonaron la zona y agentes de la Fiscal\u00eda General del Estado de Guerrero realizaron las diligencias.<\/p>\n\n\n\n<p>Efr\u00e9n Adame Montalv\u00e1n, padre del l\u00edder de la CTM, fue alcalde de Ometepec tres veces (2008-2012, 2018-2021 y 2021-2024), la primera por el PRD y despu\u00e9s por el PRI.<\/p>\n\n\n\n<p>El pasado 7 de septiembre Efr\u00e9n Neftal\u00ed Adame Garc\u00eda rindi\u00f3 protesta por su segundo periodo consecutivo como secretario general de la secci\u00f3n 110 de la CTM.<\/p>\n\n\n\n<p>Durante la ceremonia expres\u00f3 su deseo de fortalecer la presencia de la confederaci\u00f3n en otros municipios de la Costa Chica.<\/p>\n\n\n\n<p>EN VERACRUZ<\/p>\n\n\n\n<p>El alcalde electo de J\u00e1ltipan, municipio del sur del estado de Veracruz, el emecista Gildardo Maldonado Guzm\u00e1n, denunci\u00f3 ante la Fiscal\u00eda General de estado que un rancho de su propiedad fue atacado por hombres armados; aunque \u00e9l no estaba en el lugar, s\u00ed hab\u00eda personas de su confianza.<\/p>\n\n\n\n<p>Descart\u00f3 que la agresi\u00f3n tenga tintes pol\u00edticos, pero se\u00f1al\u00f3 que todo se debe al ambiente de inseguridad que existe en el estado y en todo el pa\u00eds. \u201cHubo una agresi\u00f3n al rancho de mi propiedad, yo me encontraba en la ciudad de Xalapa; este acto es muy lamentable, adem\u00e1s creo que es lo que hemos estado viviendo en todo el pa\u00eds\u201d, coment\u00f3. A\u00f1adi\u00f3 que durante las campa\u00f1as pol\u00edticas cont\u00f3 con protecci\u00f3n y no ha recibido ninguna amenaza en su contra.<\/p>\n\n\n\n<p>Coment\u00f3 que al finalizar la campa\u00f1a se le retir\u00f3 la escolta y \u00e9l la solicit\u00f3 de nueva cuenta en septiembre; sin embargo, no obtuvo respuesta.<\/p>\n\n\n\n<p>Maldonado Guzm\u00e1n reconoci\u00f3 que siente temor por su seguridad y la de su familia, por lo que tomar\u00e1 previsiones. Destac\u00f3 que hizo la denuncia primero ante la Secretar\u00eda de Seguridad P\u00fablica y \u201cahorita ante el Ministerio P\u00fablico, por lo que est\u00e1 pasando en el pa\u00eds\u201d, coment\u00f3.<\/p>\n","protected":false},"excerpt":{"rendered":"<p>Redacci\u00f3n\/Zona Roja Cdmx. (Informaci\u00f3n de \u201cLa Jornada\u201d) Ciudad de M\u00e9xico, a 15 de noviembre de&hellip;<\/p>\n","protected":false},"author":2,"featured_media":67804,"comment_status":"closed","ping_status":"open","sticky":false,"template":"","format":"standard","meta":{"_lmt_disableupdate":"","_lmt_disable":"","_jetpack_memberships_contains_paid_content":false,"footnotes":""},"categories":[109,47],"tags":[],"class_list":["post-86940","post","type-post","status-publish","format-standard","has-post-thumbnail","hentry","category-minuto-a-minuto","category-zona-gris"],"jetpack_featured_media_url":"https:\/\/zonaroja.com.mx\/wp-content\/uploads\/2024\/04\/Asesinato-escena-crimen.png.webp","jetpack_sharing_enabled":true,"_links":{"self":[{"href":"https:\/\/zonaroja.com.mx\/index.php?rest_route=\/wp\/v2\/posts\/86940","targetHints":{"allow":["GET"]}}],"collection":[{"href":"https:\/\/zonaroja.com.mx\/index.php?rest_route=\/wp\/v2\/posts"}],"about":[{"href":"https:\/\/zonaroja.com.mx\/index.php?rest_route=\/wp\/v2\/types\/post"}],"author":[{"embeddable":true,"href":"https:\/\/zonaroja.com.mx\/index.php?rest_route=\/wp\/v2\/users\/2"}],"replies":[{"embeddable":true,"href":"https:\/\/zonaroja.com.mx\/index.php?rest_route=%2Fwp%2Fv2%2Fcomments&post=86940"}],"version-history":[{"count":1,"href":"https:\/\/zonaroja.com.mx\/index.php?rest_route=\/wp\/v2\/posts\/86940\/revisions"}],"predecessor-version":[{"id":86941,"href":"https:\/\/zonaroja.com.mx\/index.php?rest_route=\/wp\/v2\/posts\/86940\/revisions\/86941"}],"wp:featuredmedia":[{"embeddable":true,"href":"https:\/\/zonaroja.com.mx\/index.php?rest_route=\/wp\/v2\/media\/67804"}],"wp:attachment":[{"href":"https:\/\/zonaroja.com.mx\/index.php?rest_route=%2Fwp%2Fv2%2Fmedia&parent=86940"}],"wp:term":[{"taxonomy":"category","embeddable":true,"href":"https:\/\/zonaroja.com.mx\/index.php?rest_route=%2Fwp%2Fv2%2Fcategories&post=86940"},{"taxonomy":"post_tag","embeddable":true,"href":"https:\/\/zonaroja.com.mx\/index.php?rest_route=%2Fwp%2Fv2%2Ftags&post=86940"}],"curies":[{"name":"wp","href":"https:\/\/api.w.org\/{rel}","templated":true}]}}