{"id":86948,"date":"2025-11-15T16:11:00","date_gmt":"2025-11-15T22:11:00","guid":{"rendered":"https:\/\/zonaroja.com.mx\/?p=86948"},"modified":"2025-11-15T08:11:36","modified_gmt":"2025-11-15T14:11:36","slug":"era-comandante-de-policia-en-oaxaca-y-violo-a-una-menor-ya-fue-detenido","status":"publish","type":"post","link":"https:\/\/zonaroja.com.mx\/?p=86948","title":{"rendered":"Era comandante de polic\u00eda en Oaxaca y viol\u00f3 a una menor; ya fue detenido"},"content":{"rendered":"\n<p>Redacci\u00f3n\/Zona Roja.&nbsp;<\/p>\n\n\n\n<p>Oaxaca, Oax., a 15 de noviembre de 2025.- La Fiscal\u00eda General del Estado de Oaxaca (FGEO) ejecut\u00f3 una orden de aprehensi\u00f3n que permiti\u00f3 la detenci\u00f3n de E.V.J., quien se desempe\u00f1a como comandante de la polic\u00eda municipal de Santa Mar\u00eda Atzompa, por el delito de violaci\u00f3n agravada, cometido en agravio de una adolescente.<\/p>\n\n\n\n<p>De acuerdo con el expediente penal, los hechos ocurrieron el 1 de septiembre de 2025, cuando la v\u00edctima -una adolescente cuya identidad se reserva por ley- se encontraba al interior de un establecimiento ubicado en la colonia Ni\u00f1os H\u00e9roes de Santa Mar\u00eda Atzompa, en la zona metropolitana de Oaxaca.<\/p>\n\n\n\n<p>Las investigaciones revelan que al lugar arrib\u00f3 el atacante, quien violent\u00f3 y amenaz\u00f3 a la adolescente con un arma de fuego para impedir que gritara y despu\u00e9s agredirla.<\/p>\n\n\n\n<p>Posteriormente, el 2 de septiembre de 2025, la v\u00edctima nuevamente se encontraba en dicho establecimiento cuando lleg\u00f3 el agresor. La v\u00edctima trat\u00f3 de ocultarse en la parte trasera del lugar, pero el agresor nuevamente la atac\u00f3 de manera sexual.<\/p>\n\n\n\n<p>Al tener conocimiento de los hechos, la Fiscal\u00eda de Oaxaca -a trav\u00e9s de la Fiscal\u00eda Especializada en Justicia para Ni\u00f1as, Ni\u00f1os y Adolescentes-, llev\u00f3 a cabo los trabajos ministeriales correspondientes, gracias a los cuales se obtuvo una orden de aprehensi\u00f3n en contra de E.V.J.<\/p>\n\n\n\n<p>Para dar cumplimiento al mandato judicial, elementos de la Agencia Estatal de Investigaciones (AEI) realizaron un operativo este 13 de noviembre de 2025, logrando la detenci\u00f3n del imputado, quien fue trasladado al Ministerio P\u00fablico para su certificaci\u00f3n m\u00e9dica e iniciar los tr\u00e1mites correspondientes para ser puesto a disposici\u00f3n de la autoridad judicial que definir\u00e1 su situaci\u00f3n jur\u00eddica.<\/p>\n\n\n\n<p>SECUESTRADOR DETENIDO<\/p>\n\n\n\n<p>En otro caso, la Fiscal\u00eda General ejecut\u00f3 una orden de aprehensi\u00f3n en contra de una persona del sexo masculino identificada como C.H.B., por los delitos de Secuestro Agravado, Robo Calificado con Violencia y Robo Espec\u00edfico, cometido el primero, en agravio de dos hombres de iniciales A.G.R., y H.A.R., el segundo en perjuicio patrimonial de la empresa denominada \u00abDIMSMA\u00bb S.A De C.V., en hechos ocurridos en carretera a San Agust\u00edn Loxicha.<\/p>\n\n\n\n<p>De acuerdo con el expediente penal del caso, los hechos ocurrieron el ocho de diciembre de 2008, cuando las v\u00edctimas, A.G.R., y H.A.R., transitaban por la carretera que conduce a San Agust\u00edn Loxicha en una unidad de motor propiedad de la empresa con giro comercial de muebler\u00eda DIMSMA, la cual transportaba diversos muebles.<\/p>\n\n\n\n<p>La investigaci\u00f3n establece que en ese trayecto, fueron interceptados por un grupo de hombres que los despoj\u00f3 de la unidad de motor cargada de muebles, para posteriormente trasladarlos a otro lugar y con ello privarlos de su libertad, para despu\u00e9s pedir dinero a la familia, como rescate para su liberaci\u00f3n.<\/p>\n\n\n\n<p>Al tener conocimiento de los hechos, la Fiscal\u00eda de Oaxaca inici\u00f3 las investigaciones ministeriales correspondientes a trav\u00e9s de la Fiscal\u00eda Especializada en Delitos de Alto Impacto y de la Unidad Policial Especializada en el Combate al Secuestro.<\/p>\n\n\n\n<p>Derivado de los resultados aportados por la FGEO, se logr\u00f3 ejecutar la orden de aprehensi\u00f3n por los delitos de Secuestro Agravado, Robo Calificado con Violencia y Robo Espec\u00edfico, para posteriormente ponerlo a disposici\u00f3n de la autoridad ministerial correspondiente.<\/p>\n\n\n\n<p>DEFRAUDADORA<\/p>\n\n\n\n<p>Por otra parte, la Fiscal\u00eda General ejecut\u00f3 una orden de aprehensi\u00f3n que permiti\u00f3 la detenci\u00f3n de una persona del sexo femenino identificada como G.R.D. o I.R.D., por el delito de fraude, cometido en la regi\u00f3n de la Costa.<\/p>\n\n\n\n<p>De acuerdo con la denuncia penal, el 24 de marzo de 2024, la v\u00edctima, identificada como L.C.R. celebr\u00f3 un contrato de compraventa de una vivienda ubicada en el centro de la localidad de Bajos de Chila, perteneciente al municipio de San Pedro Mixtepec, por lo que, en cumplimiento del acuerdo, la v\u00edctima realiz\u00f3 dep\u00f3sitos a favor de G.R.D. o I.R.D., por la cantidad de dos millones de pesos, en una caja cooperativa ubicada en Puerto Escondido.<\/p>\n\n\n\n<p>Sin embargo, G.R.D. o I.R.D. incumpli\u00f3 con las obligaciones establecidas en el contrato, motivo por el cual la v\u00edctima present\u00f3 su denuncia ante la FGEO.<\/p>\n\n\n\n<p>Derivado de ello, la Vicefiscal\u00eda Regional de la Costa inici\u00f3 las investigaciones correspondientes, que permitieron obtener una orden de aprehensi\u00f3n por el delito de fraude.<\/p>\n\n\n\n<p>En cumplimiento al mandato judicial, elementos de la Agencia Estatal de Investigaciones (AEI) realizaron un operativo que permiti\u00f3 la detenci\u00f3n de G.R.D. o I.R.D., en calles del barrio Las Flores, en Bajos de Chila.<\/p>\n\n\n\n<p>Tras su detenci\u00f3n, G.R.D. o I.R.D., fue puesta a disposici\u00f3n de la autoridad judicial competente, quien determinar\u00e1 su situaci\u00f3n jur\u00eddica conforme a derecho.<\/p>\n","protected":false},"excerpt":{"rendered":"<p>Redacci\u00f3n\/Zona Roja.&nbsp; Oaxaca, Oax., a 15 de noviembre de 2025.- La Fiscal\u00eda General del Estado&hellip;<\/p>\n","protected":false},"author":2,"featured_media":86932,"comment_status":"closed","ping_status":"open","sticky":false,"template":"","format":"standard","meta":{"_lmt_disableupdate":"","_lmt_disable":"","_jetpack_memberships_contains_paid_content":false,"footnotes":""},"categories":[109,46],"tags":[494],"class_list":["post-86948","post","type-post","status-publish","format-standard","has-post-thumbnail","hentry","category-minuto-a-minuto","category-zona-blanca","tag-fiscalia-general-del-estado-de-oaxaca"],"jetpack_featured_media_url":"https:\/\/zonaroja.com.mx\/wp-content\/uploads\/2025\/11\/Policia-de-Atzompa-detenido-por-violacion.jpeg","jetpack_sharing_enabled":true,"_links":{"self":[{"href":"https:\/\/zonaroja.com.mx\/index.php?rest_route=\/wp\/v2\/posts\/86948","targetHints":{"allow":["GET"]}}],"collection":[{"href":"https:\/\/zonaroja.com.mx\/index.php?rest_route=\/wp\/v2\/posts"}],"about":[{"href":"https:\/\/zonaroja.com.mx\/index.php?rest_route=\/wp\/v2\/types\/post"}],"author":[{"embeddable":true,"href":"https:\/\/zonaroja.com.mx\/index.php?rest_route=\/wp\/v2\/users\/2"}],"replies":[{"embeddable":true,"href":"https:\/\/zonaroja.com.mx\/index.php?rest_route=%2Fwp%2Fv2%2Fcomments&post=86948"}],"version-history":[{"count":1,"href":"https:\/\/zonaroja.com.mx\/index.php?rest_route=\/wp\/v2\/posts\/86948\/revisions"}],"predecessor-version":[{"id":86949,"href":"https:\/\/zonaroja.com.mx\/index.php?rest_route=\/wp\/v2\/posts\/86948\/revisions\/86949"}],"wp:featuredmedia":[{"embeddable":true,"href":"https:\/\/zonaroja.com.mx\/index.php?rest_route=\/wp\/v2\/media\/86932"}],"wp:attachment":[{"href":"https:\/\/zonaroja.com.mx\/index.php?rest_route=%2Fwp%2Fv2%2Fmedia&parent=86948"}],"wp:term":[{"taxonomy":"category","embeddable":true,"href":"https:\/\/zonaroja.com.mx\/index.php?rest_route=%2Fwp%2Fv2%2Fcategories&post=86948"},{"taxonomy":"post_tag","embeddable":true,"href":"https:\/\/zonaroja.com.mx\/index.php?rest_route=%2Fwp%2Fv2%2Ftags&post=86948"}],"curies":[{"name":"wp","href":"https:\/\/api.w.org\/{rel}","templated":true}]}}