{"id":8695,"date":"2020-02-12T20:14:34","date_gmt":"2020-02-13T02:14:34","guid":{"rendered":"http:\/\/www.zonaroja.com.mx\/?p=8695"},"modified":"2020-02-12T20:14:54","modified_gmt":"2020-02-13T02:14:54","slug":"piden-comunidades-zapotecas-cancelacion-de-proyecto-minero-san-jose","status":"publish","type":"post","link":"https:\/\/zonaroja.com.mx\/?p=8695","title":{"rendered":"Piden comunidades zapotecas cancelaci\u00f3n de proyecto minero \u201cSan Jos\u00e9\u201d"},"content":{"rendered":"\n<p>Evlin\nArag\u00f3n\/Zona Roja.<\/p>\n\n\n\n<p>Oaxaca de\nJu\u00e1rez, Oax., 12 de febrero de 2020.- Integrantes del Frente No a la Miner\u00eda\npor un Futuro de Todas y Todos, denunciaron hoy la violaci\u00f3n a leyes\nambientales por parte del proyecto minero \u201cSan Jos\u00e9\u201d, que mantiene 81 obras\nconstruidas de forma irregular en perjuicio de 12 municipios de la regi\u00f3n de\nValles Centrales organizados en oposici\u00f3n a la actividad minera.<\/p>\n\n\n\n<p>Por lo\nanterior se manifestaron, como desde hace 10 a\u00f1os, por la cancelaci\u00f3n del\nproyecto Minera Cuzcatl\u00e1n filial de Fortuna Silveria Mines, ya que no cuenta\ncon la aprobaci\u00f3n de las autoridades y habitantes de las localidades, quienes\naseguran no firmar\u00e1n ning\u00fan tipo de permiso municipal o agrario a ninguna\nempresa minera, que solo generan violencia y contaminaci\u00f3n en los territorios. <\/p>\n\n\n\n<p>En\nconferencia de prensa, autoridades de las localidades de Magdalena Ocotl\u00e1n, San\nMart\u00edn de los Canseco, Los Ocotes, El Vergel, San Nicol\u00e1s Yaxe, San Dionisio\nOcotepec, Santa Ana Zegache, San Catarina Minas y San Mat\u00edas Chilazoa,\nexigieron a la Secretar\u00eda de Econom\u00eda la cancelaci\u00f3n de las concesiones mineras\nubicadas en la regi\u00f3n de Valles Centrales, mientras que a la Secretar\u00eda del\nMedio Ambiente y Recursos Naturales (Semarnat), no otorgar autorizaci\u00f3n en\nmateria ambiental a este segundo proyecto minero. <\/p>\n\n\n\n<p>Explicaron\nque tras m\u00e1s de un a\u00f1o de incidencia social y legal, se logr\u00f3 que la Semarnat\nvolteara los ojos a los proyectos mineros de la zona y se pronunciara con mayor\nrigor en torno a los estudios de impacto ambiental, evocando legislaciones\nexistentes que fueron violentadas por el proyecto minero \u201cSan Jos\u00e9 II\u201d que\nrealiz\u00f3 decenas de obras sin cumplir con los lineamientos en la materia. <\/p>\n\n\n\n<p>\u201cCon una\nnueva Manifestaci\u00f3n de Impacto Ambiental -MIA- denominada \u2018San Jos\u00e9 II\u2019, la\ncompa\u00f1\u00eda minera Cuzcatl\u00e1n, pretende justificar la construcci\u00f3n de 81 obras\nirregularidades, adem\u00e1s de ampliar el periodo de explotaci\u00f3n de plata y oro por\n10 a\u00f1os m\u00e1s, del 2019 al 2029\u201d, explicaron.<\/p>\n\n\n\n<p>As\u00ed mismo\nrecordaron que en el 2018, la Procuradur\u00eda Federal de Protecci\u00f3n al Ambiente (Profepa),\nestableci\u00f3 sanciones, medidas y multas a la empresa minera por un conjunto de\nirregularidades en materia de ambiental, as\u00ed mismo el pasado 30 de enero\ndetermin\u00f3 negar la autorizaci\u00f3n en materia de impacto ambiental ya que las\nobras han registrado la destrucci\u00f3n de ecosistemas en la regi\u00f3n. <\/p>\n\n\n\n<p>Por lo\nanterior exigieron la revisi\u00f3n profunda de las 81 obras construidas a modo y la\ncancelaci\u00f3n del proyecto minero que lejos de traer empleos&nbsp; y promover el desarrollo econ\u00f3mico en Oaxaca,&nbsp; ha generado violencia, ha asesinado a\nopositores de la actividad y sigue contaminando sus territorios y medio\nambiente de manera impune. <\/p>\n\n\n\n<p>Finalmente\ncelebraron el reciente logro hist\u00f3rico de Capul\u00e1lpam de M\u00e9ndez que representes\nun referente en el respeto a la libre determinaci\u00f3n de pueblos y comunidades\nind\u00edgenas. \u201cComo Frente No a la Miner\u00eda celebramos el triunfo de la comunidad\nde Capul\u00e1lpam de M\u00e9ndez y nos hermanamos con su lucha para exigir el respeto\ndel derecho a la libre determinaci\u00f3n en nuestros territorios ind\u00edgenas\u201d,\nconcluyeron. <\/p>\n","protected":false},"excerpt":{"rendered":"<p>Evlin Arag\u00f3n\/Zona Roja. Oaxaca de Ju\u00e1rez, Oax., 12 de febrero de 2020.- Integrantes del Frente&hellip;<\/p>\n","protected":false},"author":2,"featured_media":8696,"comment_status":"closed","ping_status":"open","sticky":false,"template":"","format":"standard","meta":{"_lmt_disableupdate":"","_lmt_disable":"","_jetpack_memberships_contains_paid_content":false,"footnotes":""},"categories":[109,47],"tags":[1365],"class_list":["post-8695","post","type-post","status-publish","format-standard","has-post-thumbnail","hentry","category-minuto-a-minuto","category-zona-gris","tag-frente-no-a-la-mineria-oaxaca"],"jetpack_featured_media_url":"https:\/\/zonaroja.com.mx\/wp-content\/uploads\/2020\/02\/Conferencia-miner\u00eda.jpg","jetpack_sharing_enabled":true,"_links":{"self":[{"href":"https:\/\/zonaroja.com.mx\/index.php?rest_route=\/wp\/v2\/posts\/8695","targetHints":{"allow":["GET"]}}],"collection":[{"href":"https:\/\/zonaroja.com.mx\/index.php?rest_route=\/wp\/v2\/posts"}],"about":[{"href":"https:\/\/zonaroja.com.mx\/index.php?rest_route=\/wp\/v2\/types\/post"}],"author":[{"embeddable":true,"href":"https:\/\/zonaroja.com.mx\/index.php?rest_route=\/wp\/v2\/users\/2"}],"replies":[{"embeddable":true,"href":"https:\/\/zonaroja.com.mx\/index.php?rest_route=%2Fwp%2Fv2%2Fcomments&post=8695"}],"version-history":[{"count":1,"href":"https:\/\/zonaroja.com.mx\/index.php?rest_route=\/wp\/v2\/posts\/8695\/revisions"}],"predecessor-version":[{"id":8697,"href":"https:\/\/zonaroja.com.mx\/index.php?rest_route=\/wp\/v2\/posts\/8695\/revisions\/8697"}],"wp:featuredmedia":[{"embeddable":true,"href":"https:\/\/zonaroja.com.mx\/index.php?rest_route=\/wp\/v2\/media\/8696"}],"wp:attachment":[{"href":"https:\/\/zonaroja.com.mx\/index.php?rest_route=%2Fwp%2Fv2%2Fmedia&parent=8695"}],"wp:term":[{"taxonomy":"category","embeddable":true,"href":"https:\/\/zonaroja.com.mx\/index.php?rest_route=%2Fwp%2Fv2%2Fcategories&post=8695"},{"taxonomy":"post_tag","embeddable":true,"href":"https:\/\/zonaroja.com.mx\/index.php?rest_route=%2Fwp%2Fv2%2Ftags&post=8695"}],"curies":[{"name":"wp","href":"https:\/\/api.w.org\/{rel}","templated":true}]}}