{"id":86951,"date":"2025-11-15T14:50:32","date_gmt":"2025-11-15T20:50:32","guid":{"rendered":"https:\/\/zonaroja.com.mx\/?p=86951"},"modified":"2025-11-15T14:50:32","modified_gmt":"2025-11-15T20:50:32","slug":"oaxaca-se-suma-a-la-marcha-de-la-generacion-z-contra-el-partido-morena","status":"publish","type":"post","link":"https:\/\/zonaroja.com.mx\/?p=86951","title":{"rendered":"Oaxaca se suma a la marcha de la \u201cGeneraci\u00f3n Z\u201d contra el Partido Morena&nbsp;"},"content":{"rendered":"\n<p>Lisbeth Mej\u00eda Reyes\/Zona Roja.&nbsp;<\/p>\n\n\n\n<p>Oaxaca, Oax., a 14 de noviembre de 2025.- Como parte de la protesta nacional en contra de la inseguridad y de la corrupci\u00f3n, este s\u00e1bado se realiz\u00f3 en la ciudad de Oaxaca la marcha de la llamada &nbsp;\u201cGeneraci\u00f3n Z\u201d, que reuni\u00f3 a j\u00f3venes, pero tambi\u00e9n a otros grupos de la sociedad civil, principalmente adultos.&nbsp;<\/p>\n\n\n\n<p>La marcha parti\u00f3 de la fuente de las Ocho Regiones y reuni\u00f3 a aproximadamente 300 personas, quienes vestidas de blanco y con sombreros exig\u00edan la salida del Partido Morena del pa\u00eds y del estado. Adem\u00e1s de demandar garant\u00edas de seguridad.<\/p>\n\n\n\n<p>El contingente tambi\u00e9n incluy\u00f3 a un grupo denominado Comit\u00e9 Popular por la Revocaci\u00f3n de Mandato de Salom\u00f3n Jara Cruz, a trav\u00e9s del cual se hicieron se\u00f1alamientos directos a la administraci\u00f3n estatal de la llamada \u00abPrimavera Oaxaque\u00f1a\u00bb.<\/p>\n\n\n\n<p>Con carteles e im\u00e1genes del \u00e1nime One Piece, que caracteriza al movimiento de la \u201cGeneraci\u00f3n Z\u201d, la protesta avanz\u00f3 por la calzada Porfirio D\u00edaz limitando el tr\u00e1nsito vehicular en la zona norte de la ciudad y posteriormente en el centro.<\/p>\n\n\n\n<p>Al llegar al Palacio de Gobierno, sede del Ejecutivo estatal, las y los participantes pegaron sus carteles en la puerta principal.<\/p>\n\n\n\n<p>Adem\u00e1s de reiterar su exigencia por la salida del poder del gobernador y de la presidenta Claudia Sheinbaum Pardo.<\/p>\n\n\n\n<p>Como en la Ciudad de M\u00e9xico, el movimiento calific\u00f3 la administraci\u00f3n nacional como un narco estado, por lo que exigi\u00f3 un pa\u00eds m\u00e1s seguro y sin corrupci\u00f3n.&nbsp;<\/p>\n\n\n\n<p>A nivel nacional, la marcha tambi\u00e9n abander\u00f3 la exigencia de justicia para Carlos Manzo, presidente municipal de Uruapan, Michoac\u00e1n, asesinado en este mes.&nbsp;<\/p>\n\n\n\n<p>De acuerdo con reportes de medios nacionales, en la capital del pa\u00eds la marchas congreg\u00f3 a miles de personas, entre j\u00f3venes y adultos. Algunos de estos \u00faltimos ligados a partidos pol\u00edticos como el extinto PRD.<\/p>\n\n\n\n<p>Asimismo, de reportaron marchas en Yucat\u00e1n, Guerrero y Durango, entre otros estados.<\/p>\n\n\n\n<p>La marcha de la \u201cGeneraci\u00f3n Z\u201d fue una convocatoria nacional dirigida principalmente a las personas nacidas entre 1997 y 2012 (quienes actualmente tienen entre 13 y 28 a\u00f1os de edad).&nbsp;<\/p>\n\n\n\n<p>Sin embargo, se sumaron varios adultos.<\/p>\n\n\n\n<p>La imagen del \u00e1nime japon\u00e9s One Piece se ha vuelto parte del movimiento juvenil a nivel mundial, luego de las protestas de este sector en pa\u00edses como Nepal e Indonesia en contra de sus gobiernos.<\/p>\n","protected":false},"excerpt":{"rendered":"<p>Lisbeth Mej\u00eda Reyes\/Zona Roja.&nbsp; Oaxaca, Oax., a 14 de noviembre de 2025.- Como parte de&hellip;<\/p>\n","protected":false},"author":2,"featured_media":86950,"comment_status":"closed","ping_status":"open","sticky":false,"template":"","format":"standard","meta":{"_lmt_disableupdate":"","_lmt_disable":"","_jetpack_memberships_contains_paid_content":false,"footnotes":""},"categories":[109,47],"tags":[],"class_list":["post-86951","post","type-post","status-publish","format-standard","has-post-thumbnail","hentry","category-minuto-a-minuto","category-zona-gris"],"jetpack_featured_media_url":"https:\/\/zonaroja.com.mx\/wp-content\/uploads\/2025\/11\/7353ef43-e76b-4952-94df-bb023201a979.jpg","jetpack_sharing_enabled":true,"_links":{"self":[{"href":"https:\/\/zonaroja.com.mx\/index.php?rest_route=\/wp\/v2\/posts\/86951","targetHints":{"allow":["GET"]}}],"collection":[{"href":"https:\/\/zonaroja.com.mx\/index.php?rest_route=\/wp\/v2\/posts"}],"about":[{"href":"https:\/\/zonaroja.com.mx\/index.php?rest_route=\/wp\/v2\/types\/post"}],"author":[{"embeddable":true,"href":"https:\/\/zonaroja.com.mx\/index.php?rest_route=\/wp\/v2\/users\/2"}],"replies":[{"embeddable":true,"href":"https:\/\/zonaroja.com.mx\/index.php?rest_route=%2Fwp%2Fv2%2Fcomments&post=86951"}],"version-history":[{"count":1,"href":"https:\/\/zonaroja.com.mx\/index.php?rest_route=\/wp\/v2\/posts\/86951\/revisions"}],"predecessor-version":[{"id":86952,"href":"https:\/\/zonaroja.com.mx\/index.php?rest_route=\/wp\/v2\/posts\/86951\/revisions\/86952"}],"wp:featuredmedia":[{"embeddable":true,"href":"https:\/\/zonaroja.com.mx\/index.php?rest_route=\/wp\/v2\/media\/86950"}],"wp:attachment":[{"href":"https:\/\/zonaroja.com.mx\/index.php?rest_route=%2Fwp%2Fv2%2Fmedia&parent=86951"}],"wp:term":[{"taxonomy":"category","embeddable":true,"href":"https:\/\/zonaroja.com.mx\/index.php?rest_route=%2Fwp%2Fv2%2Fcategories&post=86951"},{"taxonomy":"post_tag","embeddable":true,"href":"https:\/\/zonaroja.com.mx\/index.php?rest_route=%2Fwp%2Fv2%2Ftags&post=86951"}],"curies":[{"name":"wp","href":"https:\/\/api.w.org\/{rel}","templated":true}]}}