{"id":86954,"date":"2025-11-15T15:07:44","date_gmt":"2025-11-15T21:07:44","guid":{"rendered":"https:\/\/zonaroja.com.mx\/?p=86954"},"modified":"2025-11-15T15:07:44","modified_gmt":"2025-11-15T21:07:44","slug":"rinden-protesta-nuevos-integrantes-de-la-junta-de-coordinacion-politica-del-congreso","status":"publish","type":"post","link":"https:\/\/zonaroja.com.mx\/?p=86954","title":{"rendered":"Rinden protesta nuevos integrantes de la Junta de Coordinaci\u00f3n Pol\u00edtica del Congreso"},"content":{"rendered":"\n<p class=\"MsoNormal\">Redacci\u00f3n\/Zona Roja &nbsp;<\/p>\n\n\n\n<p class=\"MsoNormal\">Oaxaca, Oax., a 15 de noviembre de 2025.-&nbsp;En sesi\u00f3n rxtraordinaria correspondiente al segundo a\u00f1o de ejercicio legal del Congreso del Estado, las coordinadoras de los grupos parlamentarios de Morena, Partido Verde Ecologista de M\u00e9xico (PVEM), Fuerza por Oaxaca y Grupo Plural, as\u00ed como el coordinador del Partido del Trabajo (PT), rindieron protesta como integrantes de la Junta de Coordinaci\u00f3n Pol\u00edtica (Jucopo).&nbsp;<\/p>\n\n\n\n<p class=\"MsoNormal\">Previamente, la Mesa Directiva comunic\u00f3 la constituci\u00f3n formal de quienes estar\u00e1n al frente en este segundo a\u00f1o legislativo de los grupos parlamentarios antes mencionados y la instalaci\u00f3n formal de la Jucopo.<\/p>\n\n\n\n<p class=\"MsoNormal\">En este sentido, rindi\u00f3 protesta como presidenta de este \u00f3rgano de gobierno la coordinadora del Grupo Parlamentario de Morena, diputada Tania Caballero Navarro, de acuerdo con los art\u00edculos 44 de la Ley Org\u00e1nica del Poder Legislativo del Estado y 140 de la Constituci\u00f3n Pol\u00edtica de Oaxaca.<\/p>\n\n\n\n<p class=\"MsoNormal\">As\u00ed como sus integrantes, las coordinadoras del PVEM, Melina Hern\u00e1ndez Sosa; de Fuerza por Oaxaca, Mar\u00eda Eulalia Velasco Ram\u00edrez; del Grupo Plural, Antonia Natividad D\u00edaz Jim\u00e9nez; y del Partido del Trabajo (PT), Dante Monta\u00f1o Montero.<\/p>\n\n\n\n<p class=\"MsoNormal\">Luego de asumir formalmente la presidencia de la Jucopo, la diputada Tania Caballero Navarro reafirm\u00f3 en tribuna que este encargo representa m\u00e1s que una responsabilidad, es un compromiso con la pluralidad del Congreso, la confianza de un pueblo que espera seriedad y sensibilidad.&nbsp;<\/p>\n\n\n\n<p class=\"MsoNormal\">\u201cAsumo este cargo con serenidad, con convicci\u00f3n y la absoluta certeza de que este ser\u00e1 un periodo de avances\u201d, subray\u00f3.<\/p>\n\n\n\n<p class=\"MsoNormal\">Puntualiz\u00f3 que se construir\u00e1 entre todas y todos los que conforman esta soberan\u00eda un espacio donde el di\u00e1logo sea un principio irrenunciable, la pluralidad una riqueza y los acuerdos la v\u00eda para legislar por el bien com\u00fan, teniendo como pilares estrat\u00e9gicos el respeto, la transparencia y rendici\u00f3n de cuentas.&nbsp;<\/p>\n\n\n\n<p class=\"MsoNormal\">A todas las fuerzas pol\u00edticas reiter\u00f3 su disposici\u00f3n a la apertura y trato digno, adem\u00e1s enfatiz\u00f3 que habr\u00e1 apertura para que cada Grupo Parlamentario pueda expresar, aportar y construir acuerdos, cristalizar esperanzas, de igual forma legislar en favor de la dignidad de las oaxaque\u00f1as y oaxaque\u00f1os.<\/p>\n","protected":false},"excerpt":{"rendered":"<p>Redacci\u00f3n\/Zona Roja &nbsp; Oaxaca, Oax., a 15 de noviembre de 2025.-&nbsp;En sesi\u00f3n rxtraordinaria correspondiente al&hellip;<\/p>\n","protected":false},"author":2,"featured_media":86953,"comment_status":"closed","ping_status":"open","sticky":false,"template":"","format":"standard","meta":{"_lmt_disableupdate":"","_lmt_disable":"","_jetpack_memberships_contains_paid_content":false,"footnotes":""},"categories":[109,46],"tags":[303,2629],"class_list":["post-86954","post","type-post","status-publish","format-standard","has-post-thumbnail","hentry","category-minuto-a-minuto","category-zona-blanca","tag-congreso-del-estado-de-oaxaca","tag-tania-caballero-navarro"],"jetpack_featured_media_url":"https:\/\/zonaroja.com.mx\/wp-content\/uploads\/2025\/11\/img_1517.jpg","jetpack_sharing_enabled":true,"_links":{"self":[{"href":"https:\/\/zonaroja.com.mx\/index.php?rest_route=\/wp\/v2\/posts\/86954","targetHints":{"allow":["GET"]}}],"collection":[{"href":"https:\/\/zonaroja.com.mx\/index.php?rest_route=\/wp\/v2\/posts"}],"about":[{"href":"https:\/\/zonaroja.com.mx\/index.php?rest_route=\/wp\/v2\/types\/post"}],"author":[{"embeddable":true,"href":"https:\/\/zonaroja.com.mx\/index.php?rest_route=\/wp\/v2\/users\/2"}],"replies":[{"embeddable":true,"href":"https:\/\/zonaroja.com.mx\/index.php?rest_route=%2Fwp%2Fv2%2Fcomments&post=86954"}],"version-history":[{"count":1,"href":"https:\/\/zonaroja.com.mx\/index.php?rest_route=\/wp\/v2\/posts\/86954\/revisions"}],"predecessor-version":[{"id":86955,"href":"https:\/\/zonaroja.com.mx\/index.php?rest_route=\/wp\/v2\/posts\/86954\/revisions\/86955"}],"wp:featuredmedia":[{"embeddable":true,"href":"https:\/\/zonaroja.com.mx\/index.php?rest_route=\/wp\/v2\/media\/86953"}],"wp:attachment":[{"href":"https:\/\/zonaroja.com.mx\/index.php?rest_route=%2Fwp%2Fv2%2Fmedia&parent=86954"}],"wp:term":[{"taxonomy":"category","embeddable":true,"href":"https:\/\/zonaroja.com.mx\/index.php?rest_route=%2Fwp%2Fv2%2Fcategories&post=86954"},{"taxonomy":"post_tag","embeddable":true,"href":"https:\/\/zonaroja.com.mx\/index.php?rest_route=%2Fwp%2Fv2%2Ftags&post=86954"}],"curies":[{"name":"wp","href":"https:\/\/api.w.org\/{rel}","templated":true}]}}