{"id":86963,"date":"2025-11-16T08:45:00","date_gmt":"2025-11-16T14:45:00","guid":{"rendered":"https:\/\/zonaroja.com.mx\/?p=86963"},"modified":"2025-11-16T07:03:53","modified_gmt":"2025-11-16T13:03:53","slug":"marcha-de-generacion-z-deriva-en-violencia-en-diversas-ciudades-de-mexico","status":"publish","type":"post","link":"https:\/\/zonaroja.com.mx\/?p=86963","title":{"rendered":"Marcha de \u201cGeneraci\u00f3n Z\u201d deriva en violencia en diversas ciudades de M\u00e9xico"},"content":{"rendered":"\n<p>Redacci\u00f3n\/Zona Roja Cdmx.<\/p>\n\n\n\n<p>(Con informaci\u00f3n de \u201cProceso\u201d)<\/p>\n\n\n\n<p>Ciudad de M\u00e9xico, a 16 de noviembre de 2025.- Al menos 120 personas heridas y 40 detenidos dejaron los violentos enfrentamientos que se produjeron el s\u00e1bado a las puertas del Palacio Nacional entre polic\u00edas e integrantes del llamado bloque negro al final de la marcha de la Generaci\u00f3n Z.<\/p>\n\n\n\n<p>La confrontaci\u00f3n en el Z\u00f3calo capitalino dej\u00f3 una escena de golpes, pedradas y vallas derribadas, con una actuaci\u00f3n policial que el secretario de Seguridad Ciudadana, Pablo V\u00e1zquez, y el secretario de Gobierno, C\u00e9sar Cravioto, calificaron como \u201cejemplar\u201d y aseguraron que se trat\u00f3 \u00fanicamente de \u201ccontenci\u00f3n\u201d.&nbsp;<\/p>\n\n\n\n<p>Para Cravioto, la marcha fue \u201corganizada por dirigentes la derecha\u201d y logr\u00f3 su cometido \u201cprovocador\u201d.<\/p>\n\n\n\n<p>A la marcha se dieron cita decenas de miles de personas que lograron llenar la plancha del Z\u00f3calo. El gobierno capitalino estim\u00f3 en apenas 17 mil personas el n\u00famero de asistentes.<\/p>\n\n\n\n<p>ras los choques, la Secretar\u00eda de Gobierno (Secgob) y la Secretar\u00eda de Seguridad Ciudadana (SSC) convocaron a una conferencia de \u00faltimo momento y, como ocurri\u00f3 tras la marcha pasada del 2 de octubre, V\u00e1zquez present\u00f3 un reporte exclusivo de oficiales lesionados, sin mencionar un saldo de ciudadanos afectados.&nbsp;<\/p>\n\n\n\n<p>El jefe de la polic\u00eda capitalina inform\u00f3 que 60 oficiales resultaron con heridas menores y que 40 fueron trasladados a un hospital, 36 de ellos por contusiones.<\/p>\n\n\n\n<p>Solo despu\u00e9s del cuestionamiento directo de reporteros, reconoci\u00f3 que 20 ciudadanos tambi\u00e9n resultaron lesionados, \u201ccon heridas menores\u201d, a pesar de que en redes sociales abundaron videos y fotograf\u00edas que mostraban a personas con heridas abiertas en la cabeza y en distintas partes del cuerpo.<\/p>\n\n\n\n<p>EN MICHOAC\u00c1N<\/p>\n\n\n\n<p>Al menos cuatro periodistas quedaron lesionados en Morelia, al t\u00e9rmino de la marcha pac\u00edfica de este s\u00e1bado, en la que confluy\u00f3 la marcha de la Generaci\u00f3n Z y la en\u00e9sima que se realiz\u00f3 para exigir&nbsp;paz y justicia en el&nbsp;estado de Michoac\u00e1n y por el asesinato de Carlos Manzo.<\/p>\n\n\n\n<p>Los periodistas fueron agredidos por elementos de la Guardia Civil estatal mientras documentaban c\u00f3mo un grupo de j\u00f3venes que no pertenec\u00eda a la marcha aventaban alimento de perro a los uniformados.<\/p>\n\n\n\n<p>La manifestaci\u00f3n pac\u00edfica, donde participaron miles de personas, dio inici\u00f3 en el monumento a Morelos o Plaza Morelos en Morelia,&nbsp;y avanz\u00f3 sin incidentes hasta el Palacio de Gobierno, por la avenida Madero, donde se dio por concluida cerca de las 16:00 horas.<\/p>\n\n\n\n<p>Sin embargo, un grupo de j\u00f3venes lleg\u00f3 y lanz\u00f3 consignas contra los polic\u00edas que permanec\u00edan en resguardo, lo que deriv\u00f3 en un intercambio de agresiones verbales. Al intentar replegar a los inconformes, los uniformados tambi\u00e9n arremetieron contra representantes de medios de comunicaci\u00f3n que cubr\u00edan los hechos.<\/p>\n\n\n\n<p>Entre los periodistas lesionados se encuentran Liliana Jim\u00e9nez Nieto, del portal Primera Plana, quien&nbsp;fue la m\u00e1s afectada al recibir golpes en la cara, adem\u00e1s de que su tel\u00e9fono m\u00f3vil fue aventado por polic\u00edas cuando intentaba grabar im\u00e1genes del operativo.<\/p>\n\n\n\n<p>EN COLIMA<\/p>\n\n\n\n<p>La marcha convocada por la Generaci\u00f3n Z culmin\u00f3 con al menos dos personas lesionadas, presuntamente por polic\u00edas, con el port\u00f3n del Palacio de Gobierno derribado y quemado, as\u00ed como la fachada del inmueble grafiteada por parte de un contingente de encapuchados que irrumpi\u00f3 en el lugar cuando se desarrollaba la protesta, lo que provoc\u00f3 el repliegue y el retiro de la mayor\u00eda de los manifestantes que expresaron su desacuerdo con ese m\u00e9todo.<\/p>\n\n\n\n<p>Es la cuarta ocasi\u00f3n en que resulta destruido el port\u00f3n gubernamental, luego de que las tres ocasiones anteriores ocurri\u00f3 lo mismo en el marco de las manifestaciones alusivas al D\u00eda Internacional de la Mujer, el 8 de marzo de 2023, 2024 y 2025.<\/p>\n\n\n\n<p>La manifestaci\u00f3n realizada la tarde de este s\u00e1bado, en la que participaron alrededor de dos mil personas, tuvo como punto de partida el jard\u00edn N\u00fa\u00f1ez y avanz\u00f3 por la calle Madero rumbo al jard\u00edn Libertad, para llevar a cabo un acto afuera del Palacio de Gobierno.<\/p>\n\n\n\n<p>EN JALISCO<\/p>\n\n\n\n<p>La jornada de protesta efectuada este s\u00e1bado 15 de noviembre en Guadalajara, Jalisco, por el asesinato del alcalde de Uruapan, Carlos Manzo y denominada de la Generaci\u00f3n Z, que inici\u00f3 pac\u00edficamente deriv\u00f3 en un enfrentamiento y cuantiosos da\u00f1os en el Centro Hist\u00f3rico, con el Palacio de Gobierno como blanco principal de un grupo de manifestantes identificado como el \u00abbloque negro\u00bb.<\/p>\n\n\n\n<p>Los disturbios comenzaron poco despu\u00e9s de las 16:20 horas, cuando un grupo de j\u00f3venes encapuchados se separ\u00f3 de una movilizaci\u00f3n previa y se dirigi\u00f3 a la sede del Poder Ejecutivo estatal.&nbsp;<\/p>\n\n\n\n<p>Desde el interior, Los guardias de Palacio de Gobierno y la Polic\u00eda Estatal intentaron repeler la agresi\u00f3n, arrojaron agua para intentar sin \u00e9xito dispersar a quienes se encontraban afuera. Al filo de las 17:30 horas, los manifestantes lograron irrumpir en el recinto utilizando mobiliario urbano y una escalera met\u00e1lica.<\/p>\n\n\n\n<p>El grupo de manifestantes, en su mayor\u00eda hombres j\u00f3venes derribaron las tres puertas del Palacio de Gobierno ubicadas sobre la calle Ram\u00f3n Corona. Adem\u00e1s, reventaron los cristales de las ventanas utilizando piedras, palos y la escalera met\u00e1lica.<\/p>\n\n\n\n<p>EN BC<\/p>\n\n\n\n<p>Al grito de \u201c\u00a1Narcoestado!\u201d y \u201c\u00a1\u00c9l no muri\u00f3, el gobierno lo mat\u00f3!\u201d, adem\u00e1s de barricadas derribadas, concentraciones y marchas, as\u00ed como el bloqueo de arterias principales e incluso la instalaci\u00f3n de un ata\u00fad, ciudadanos de cinco municipios de Baja California se sumaron a la protesta nacional promovida por el Movimiento del Sombrero y la Generaci\u00f3n Z.<\/p>\n\n\n\n<p>Tijuana, Mexicali, Ensenada, Tecate y Playas de Rosarito realizaron diferentes movilizaciones con cientos de personas donde, al mismo tiempo protestaron por el asesinato del presidente municipal de Uruapan, Michoac\u00e1n, Carlos Manzo, y el llamado \u201chartazgo social\u201d, incluyeron tem\u00e1ticas propias de sus localidades.<\/p>\n\n\n\n<p>En Mexicali, la capital bajacaliforniana, hubo encapuchados que derribaron las barricadas puestas en el Poder Ejecutivo Estatal, pero estos fueron expulsados por otros manifestantes al remarcar que era un acto pac\u00edfico.<\/p>\n","protected":false},"excerpt":{"rendered":"<p>Redacci\u00f3n\/Zona Roja Cdmx. (Con informaci\u00f3n de \u201cProceso\u201d) Ciudad de M\u00e9xico, a 16 de noviembre de&hellip;<\/p>\n","protected":false},"author":2,"featured_media":86964,"comment_status":"closed","ping_status":"open","sticky":false,"template":"","format":"standard","meta":{"_lmt_disableupdate":"","_lmt_disable":"","_jetpack_memberships_contains_paid_content":false,"footnotes":""},"categories":[109,47],"tags":[4524],"class_list":["post-86963","post","type-post","status-publish","format-standard","has-post-thumbnail","hentry","category-minuto-a-minuto","category-zona-gris","tag-marcha-generacion-z"],"jetpack_featured_media_url":"https:\/\/zonaroja.com.mx\/wp-content\/uploads\/2025\/11\/Violencia-marcha-Generacion-Z.webp","jetpack_sharing_enabled":true,"_links":{"self":[{"href":"https:\/\/zonaroja.com.mx\/index.php?rest_route=\/wp\/v2\/posts\/86963","targetHints":{"allow":["GET"]}}],"collection":[{"href":"https:\/\/zonaroja.com.mx\/index.php?rest_route=\/wp\/v2\/posts"}],"about":[{"href":"https:\/\/zonaroja.com.mx\/index.php?rest_route=\/wp\/v2\/types\/post"}],"author":[{"embeddable":true,"href":"https:\/\/zonaroja.com.mx\/index.php?rest_route=\/wp\/v2\/users\/2"}],"replies":[{"embeddable":true,"href":"https:\/\/zonaroja.com.mx\/index.php?rest_route=%2Fwp%2Fv2%2Fcomments&post=86963"}],"version-history":[{"count":1,"href":"https:\/\/zonaroja.com.mx\/index.php?rest_route=\/wp\/v2\/posts\/86963\/revisions"}],"predecessor-version":[{"id":86965,"href":"https:\/\/zonaroja.com.mx\/index.php?rest_route=\/wp\/v2\/posts\/86963\/revisions\/86965"}],"wp:featuredmedia":[{"embeddable":true,"href":"https:\/\/zonaroja.com.mx\/index.php?rest_route=\/wp\/v2\/media\/86964"}],"wp:attachment":[{"href":"https:\/\/zonaroja.com.mx\/index.php?rest_route=%2Fwp%2Fv2%2Fmedia&parent=86963"}],"wp:term":[{"taxonomy":"category","embeddable":true,"href":"https:\/\/zonaroja.com.mx\/index.php?rest_route=%2Fwp%2Fv2%2Fcategories&post=86963"},{"taxonomy":"post_tag","embeddable":true,"href":"https:\/\/zonaroja.com.mx\/index.php?rest_route=%2Fwp%2Fv2%2Ftags&post=86963"}],"curies":[{"name":"wp","href":"https:\/\/api.w.org\/{rel}","templated":true}]}}