{"id":86966,"date":"2025-11-16T07:45:00","date_gmt":"2025-11-16T13:45:00","guid":{"rendered":"https:\/\/zonaroja.com.mx\/?p=86966"},"modified":"2025-11-16T07:05:01","modified_gmt":"2025-11-16T13:05:01","slug":"huajuapan-violento-un-empresario-asesinado-y-un-taxista-lesionado","status":"publish","type":"post","link":"https:\/\/zonaroja.com.mx\/?p=86966","title":{"rendered":"Huajuapan violento: un empresario asesinado y un taxista lesionado"},"content":{"rendered":"\n<p>Ismael Garc\u00eda M.\/Zona Roja.<\/p>\n\n\n\n<p>Oaxaca, Oax., 16 de noviembre de 205.- Una jornada violenta este s\u00e1bado en Huajuapan de Le\u00f3n dej\u00f3 como saldo una persona fallecida por disparos de arma de fuego y otra lesionada.<\/p>\n\n\n\n<p>En inmediaciones de la agencia de Acatlima, un individuo fue ejecutado con m\u00faltiples impactos de bala en el interior de su camioneta marca Jeep, tipo Rubicon.<\/p>\n\n\n\n<p>La v\u00edctima fue identificada posteriormente como Juan Carlos A. R., empresario dedicado a la venta de agua purificada y hasta el momento se desconoce el m\u00f3vil del crimen.<\/p>\n\n\n\n<p>Mientras tanto, en la agencia de El Carmen, tambi\u00e9n de Huajuapan, un taxista fue atacado a balazos anoche, cuando transitaba en su unidad de motor por dicha zona.<\/p>\n\n\n\n<p>El hombre result\u00f3 ileso y fue identificado como Jer\u00f3nimo G. S., representante de la organizaci\u00f3n Unidad de Bienestar Social de la Regi\u00f3n Triqui (Ubisort).<\/p>\n\n\n\n<p>Por ambos casos, por separado, la Vicefiscal\u00eda Regional de la Mixteca, de la Fiscal\u00eda General del Estado de Oaxaca, abri\u00f3 la carpeta de investigaci\u00f3n con la finalidad de esclarecer los casos.<\/p>\n","protected":false},"excerpt":{"rendered":"<p>Ismael Garc\u00eda M.\/Zona Roja. Oaxaca, Oax., 16 de noviembre de 205.- Una jornada violenta este&hellip;<\/p>\n","protected":false},"author":2,"featured_media":86967,"comment_status":"closed","ping_status":"open","sticky":false,"template":"","format":"standard","meta":{"_lmt_disableupdate":"","_lmt_disable":"","_jetpack_memberships_contains_paid_content":false,"footnotes":""},"categories":[109,51],"tags":[594],"class_list":["post-86966","post","type-post","status-publish","format-standard","has-post-thumbnail","hentry","category-minuto-a-minuto","category-zona-roja","tag-huajuapan-de-leon"],"jetpack_featured_media_url":"https:\/\/zonaroja.com.mx\/wp-content\/uploads\/2025\/11\/Empresario-ejecutado-Huajuapan.jpeg","jetpack_sharing_enabled":true,"_links":{"self":[{"href":"https:\/\/zonaroja.com.mx\/index.php?rest_route=\/wp\/v2\/posts\/86966","targetHints":{"allow":["GET"]}}],"collection":[{"href":"https:\/\/zonaroja.com.mx\/index.php?rest_route=\/wp\/v2\/posts"}],"about":[{"href":"https:\/\/zonaroja.com.mx\/index.php?rest_route=\/wp\/v2\/types\/post"}],"author":[{"embeddable":true,"href":"https:\/\/zonaroja.com.mx\/index.php?rest_route=\/wp\/v2\/users\/2"}],"replies":[{"embeddable":true,"href":"https:\/\/zonaroja.com.mx\/index.php?rest_route=%2Fwp%2Fv2%2Fcomments&post=86966"}],"version-history":[{"count":1,"href":"https:\/\/zonaroja.com.mx\/index.php?rest_route=\/wp\/v2\/posts\/86966\/revisions"}],"predecessor-version":[{"id":86968,"href":"https:\/\/zonaroja.com.mx\/index.php?rest_route=\/wp\/v2\/posts\/86966\/revisions\/86968"}],"wp:featuredmedia":[{"embeddable":true,"href":"https:\/\/zonaroja.com.mx\/index.php?rest_route=\/wp\/v2\/media\/86967"}],"wp:attachment":[{"href":"https:\/\/zonaroja.com.mx\/index.php?rest_route=%2Fwp%2Fv2%2Fmedia&parent=86966"}],"wp:term":[{"taxonomy":"category","embeddable":true,"href":"https:\/\/zonaroja.com.mx\/index.php?rest_route=%2Fwp%2Fv2%2Fcategories&post=86966"},{"taxonomy":"post_tag","embeddable":true,"href":"https:\/\/zonaroja.com.mx\/index.php?rest_route=%2Fwp%2Fv2%2Ftags&post=86966"}],"curies":[{"name":"wp","href":"https:\/\/api.w.org\/{rel}","templated":true}]}}