{"id":86969,"date":"2025-11-16T09:15:00","date_gmt":"2025-11-16T15:15:00","guid":{"rendered":"https:\/\/zonaroja.com.mx\/?p=86969"},"modified":"2025-11-16T07:12:41","modified_gmt":"2025-11-16T13:12:41","slug":"destaca-dif-oaxaca-en-informe-tres-anos-de-resultados-historicos","status":"publish","type":"post","link":"https:\/\/zonaroja.com.mx\/?p=86969","title":{"rendered":"Destaca DIF Oaxaca en informe, tres a\u00f1os de resultados hist\u00f3ricos"},"content":{"rendered":"\n<p>Redacci\u00f3n\/Zona Roja.&nbsp;<\/p>\n\n\n\n<p>Oaxaca, Oax., a 16 de noviembre de 2025.- Al rendir su tercer informe de labores, la presidenta del DIF Oaxaca, Irma Bola\u00f1os Quijano, destac\u00f3 que el gobierno estatal, la justicia social es una realidad palpable.<\/p>\n\n\n\n<p>As\u00ed lo demuestra la reducci\u00f3n en un 5.1 por ciento de la carencia alimentaria, resultado de los programas implementados por el Sistema Estatal para el Desarrollo Integral de la Familia (DIF), lo que marca un avance hist\u00f3rico en el bienestar.<\/p>\n\n\n\n<p>Ante el Gobernador del Estado, Salom\u00f3n Jara Cruz, y autoridades municipales, Bola\u00f1os Quijano destac\u00f3 que m\u00e1s de 500 mil personas en 542 municipios, han recibido m\u00e1s de un mill\u00f3n 300 mil canastas alimentarias, lo que contribuy\u00f3 sustancialmente en este logro sin precedentes.<\/p>\n\n\n\n<p>Estos apoyos significativos para las familias oaxaque\u00f1as se realizaron mediante los programas: Latido nutritivo, Itacate de mi coraz\u00f3n, Guisos de mi pueblo, Alimentaci\u00f3n solidaria y Desayuno de letritas.<\/p>\n\n\n\n<p>\u201cSon estas acciones, las que nos permitir\u00e1n consolidar la gran transformaci\u00f3n de la entidad, hoy puedo afirmar con orgullo que el Sistema DIF Oaxaca se ha convertido en una instituci\u00f3n viva, humana y cercana; un espacio donde el amor es fuerza, la empat\u00eda se vuelve un estandarte y la solidaridad se convierte en pol\u00edtica p\u00fablica\u201d, afirm\u00f3 desde el Centro Cultural y de Convenciones de Oaxaca.<\/p>\n\n\n\n<p>Otro de los logros alcanzados este 2025 fue la puesta en marcha de la primera Casa de D\u00eda del Sistema Estatal DIF, en la que personas mayores de la capital del estado disfrutan de actividades recreativas y servicios m\u00e9dicos, psicol\u00f3gicos, educativos y jur\u00eddicos; con la firme convicci\u00f3n de que envejecer no es sin\u00f3nimo de perder derechos, sino ejercerlos con dignidad.<\/p>\n\n\n\n<figure class=\"wp-block-image size-full\"><img decoding=\"async\" width=\"1000\" height=\"667\" src=\"https:\/\/zonaroja.com.mx\/wp-content\/uploads\/2025\/11\/Informe-Irma-Bolanos-1.jpeg\" alt=\"\" class=\"wp-image-86972\" srcset=\"https:\/\/zonaroja.com.mx\/wp-content\/uploads\/2025\/11\/Informe-Irma-Bolanos-1.jpeg 1000w, https:\/\/zonaroja.com.mx\/wp-content\/uploads\/2025\/11\/Informe-Irma-Bolanos-1-300x200.jpeg 300w, https:\/\/zonaroja.com.mx\/wp-content\/uploads\/2025\/11\/Informe-Irma-Bolanos-1-768x512.jpeg 768w, https:\/\/zonaroja.com.mx\/wp-content\/uploads\/2025\/11\/Informe-Irma-Bolanos-1-585x390.jpeg 585w, https:\/\/zonaroja.com.mx\/wp-content\/uploads\/2025\/11\/Informe-Irma-Bolanos-1-263x175.jpeg 263w\" sizes=\"(max-width: 1000px) 100vw, 1000px\" \/><\/figure>\n\n\n\n<p>El orgullo y felicidad de Bola\u00f1os Quijano se hizo patente cuando refiri\u00f3 que este a\u00f1o se puso en marcha el Centro de Rehabilitaci\u00f3n Integral DIF Bienestar y Cuidados para Oaxaca, que combina la ciencia y calidez, y que se distingue por ofrecer uno de los primeros sistemas de neurorehabilitaci\u00f3n rob\u00f3tica en Am\u00e9rica Latina a personas con discapacidad.<\/p>\n\n\n\n<p>Otro hito hist\u00f3rico es la creaci\u00f3n de la Casa de Transici\u00f3n a una vida Independiente, \u00fanica en el pa\u00eds, que va a acompa\u00f1ar a mujeres adolescentes egresadas de los albergues para que puedan comenzar su vida con autonom\u00eda y certidumbre.<\/p>\n\n\n\n<p>\u201cEn cada jornada, visita e historia de amor, he comprendido que el verdadero cambio no nace en las oficinas, sino en el acercamiento con la gente. Le hago un reconocimiento al Gobernador Salom\u00f3n Jara Cruz, por ser ejemplo de trabajo, compromiso y amor por Oaxaca, le agradezco y reconozco que todos los d\u00edas nos recuerda que servir es la forma m\u00e1s noble de transformar\u201d, expres\u00f3.<\/p>\n\n\n\n<p>A lo largo de estos tres a\u00f1os de administraci\u00f3n, el Sistema DIF Oaxaca ha efectuado otras acciones prioritarias como: la reducci\u00f3n a cuatro meses de los tr\u00e1mites de adopci\u00f3n, lo cual refuerza el derecho de ni\u00f1as y ni\u00f1os a vivir en familia. Adem\u00e1s, contin\u00faa promoviendo los programas \u201cRompe el tab\u00fa\u201d, \u201cGuardianes de los derechos\u201d y \u201cEntre broma y broma el acoso se asoma\u201d en instituciones de las ocho regiones del estado.<\/p>\n\n\n\n<figure class=\"wp-block-embed is-type-rich is-provider-twitter wp-block-embed-twitter\"><div class=\"wp-block-embed__wrapper\">\n<div class=\"twitter-tweet\"><blockquote class=\"twitter-tweet\" data-lang=\"es\"><p lang=\"es\" dir=\"ltr\"><a href=\"https:\/\/twitter.com\/hashtag\/AlMomento?src=hash&amp;ref_src=twsrc%5Etfw\">#AlMomento<\/a><br>La presidenta honoraria del DIF Oaxaca, <a href=\"https:\/\/twitter.com\/Irma_BolanosOax?ref_src=twsrc%5Etfw\">@Irma_BolanosOax<\/a>, rinde esta ma\u00f1ana su tercer informe de labores, en un acto que se realiza en el Centro Cultural y de Convenciones, con la presencia del titular del Poder Ejecutivo, <a href=\"https:\/\/twitter.com\/salomonj?ref_src=twsrc%5Etfw\">@SalomonJ<\/a>.<br><br>Aqu\u00ed la transmisi\u00f3n de la <a href=\"https:\/\/twitter.com\/cortv?ref_src=twsrc%5Etfw\">@cortv<\/a>.\u2026 <a href=\"https:\/\/t.co\/YOz4zPVkc2\">pic.twitter.com\/YOz4zPVkc2<\/a><\/p>&mdash; Zona Roja Oaxaca (@ZonaRoja_Oaxaca) <a href=\"https:\/\/twitter.com\/ZonaRoja_Oaxaca\/status\/1989739151084700118?ref_src=twsrc%5Etfw\">15 de noviembre de 2025<\/a><\/blockquote><\/div>\n<\/div><\/figure>\n","protected":false},"excerpt":{"rendered":"<p>Redacci\u00f3n\/Zona Roja.&nbsp; Oaxaca, Oax., a 16 de noviembre de 2025.- Al rendir su tercer informe&hellip;<\/p>\n","protected":false},"author":2,"featured_media":86971,"comment_status":"closed","ping_status":"open","sticky":false,"template":"","format":"standard","meta":{"_lmt_disableupdate":"","_lmt_disable":"","_jetpack_memberships_contains_paid_content":false,"footnotes":""},"categories":[109,46],"tags":[841],"class_list":["post-86969","post","type-post","status-publish","format-standard","has-post-thumbnail","hentry","category-minuto-a-minuto","category-zona-blanca","tag-dif-oaxaca"],"jetpack_featured_media_url":"https:\/\/zonaroja.com.mx\/wp-content\/uploads\/2025\/11\/Informe-presidenta-del-DIF-Irma-Bolanos.jpeg","jetpack_sharing_enabled":true,"_links":{"self":[{"href":"https:\/\/zonaroja.com.mx\/index.php?rest_route=\/wp\/v2\/posts\/86969","targetHints":{"allow":["GET"]}}],"collection":[{"href":"https:\/\/zonaroja.com.mx\/index.php?rest_route=\/wp\/v2\/posts"}],"about":[{"href":"https:\/\/zonaroja.com.mx\/index.php?rest_route=\/wp\/v2\/types\/post"}],"author":[{"embeddable":true,"href":"https:\/\/zonaroja.com.mx\/index.php?rest_route=\/wp\/v2\/users\/2"}],"replies":[{"embeddable":true,"href":"https:\/\/zonaroja.com.mx\/index.php?rest_route=%2Fwp%2Fv2%2Fcomments&post=86969"}],"version-history":[{"count":1,"href":"https:\/\/zonaroja.com.mx\/index.php?rest_route=\/wp\/v2\/posts\/86969\/revisions"}],"predecessor-version":[{"id":86973,"href":"https:\/\/zonaroja.com.mx\/index.php?rest_route=\/wp\/v2\/posts\/86969\/revisions\/86973"}],"wp:featuredmedia":[{"embeddable":true,"href":"https:\/\/zonaroja.com.mx\/index.php?rest_route=\/wp\/v2\/media\/86971"}],"wp:attachment":[{"href":"https:\/\/zonaroja.com.mx\/index.php?rest_route=%2Fwp%2Fv2%2Fmedia&parent=86969"}],"wp:term":[{"taxonomy":"category","embeddable":true,"href":"https:\/\/zonaroja.com.mx\/index.php?rest_route=%2Fwp%2Fv2%2Fcategories&post=86969"},{"taxonomy":"post_tag","embeddable":true,"href":"https:\/\/zonaroja.com.mx\/index.php?rest_route=%2Fwp%2Fv2%2Ftags&post=86969"}],"curies":[{"name":"wp","href":"https:\/\/api.w.org\/{rel}","templated":true}]}}