{"id":86978,"date":"2025-11-16T12:45:00","date_gmt":"2025-11-16T18:45:00","guid":{"rendered":"https:\/\/zonaroja.com.mx\/?p=86978"},"modified":"2025-11-16T07:20:41","modified_gmt":"2025-11-16T13:20:41","slug":"la-violencia-acaba-con-la-vida-de-al-menos-18-menores-en-oaxaca","status":"publish","type":"post","link":"https:\/\/zonaroja.com.mx\/?p=86978","title":{"rendered":"La violencia acaba con la vida de al menos 18 menores en Oaxaca"},"content":{"rendered":"\n<p>Lisbeth Mej\u00eda Reyes\/Zona Roja.<\/p>\n\n\n\n<p>Oaxaca, Oax., a 16 de noviembre de 2025.- La violencia ha acabado con la vida de al menos 18 ni\u00f1as, ni\u00f1os y adolescentes en el estado de Oaxaca en lo que va del 2025, de acuerdo con la Red por los Derechos de la Infancia en M\u00e9xico (Redim) y el seguimiento hemerogr\u00e1fico de los hechos hasta el 11 de noviembre.<\/p>\n\n\n\n<p>De las 18 v\u00edctimas menores de edad (0 a 17 a\u00f1os) en estos homicidios dolosos (intencionales), seis eran mujeres y 12 eran hombres.<\/p>\n\n\n\n<p>El \u00faltimo de los asesinatos que conmocion\u00f3 a la sociedad fue el de la ni\u00f1a Noelia Daylen, de apenas cuatro a\u00f1os de edad, ocurrido en Juchit\u00e1n de Zaragoza.&nbsp;<\/p>\n\n\n\n<p>La menor fue reportada inicialmente como desaparecida el 10 de noviembre, tras el triple homicidio en el que fue privada de la vida su madre, Adilene.&nbsp;<\/p>\n\n\n\n<p>Ese d\u00eda, ambas estaban juntas, pero el 11 de noviembre la Fiscal\u00eda General del Estado de Oaxaca confirm\u00f3 el homicidio de la menor y la detenci\u00f3n de tres mujeres presuntamente ligadas a su muerte.<\/p>\n\n\n\n<p>El Grupo de Estudios sobre la Mujer \u201cRosario Castellanos\u201d (GES Mujer), la organizaci\u00f3n Consorcio y el Grupo de Mujeres \u201c8 de Marzo\u201d condenaron estos \u00faltimos hechos. Tambi\u00e9n exigieron frenar la violencia que sigue acabando con la vida de las mujeres en el estado, principalmente en la regi\u00f3n Istmo de Tehuantepec.&nbsp;<\/p>\n\n\n\n<p>Mar\u00eda del Rosario Mart\u00ednez Miguel, presidenta del GESMujer, expres\u00f3 que es urgente prevenir, atender y sancionar los asesinatos infantiles y adolescentes, entre estos el feminicidio infantil, con medias espec\u00edficas acordes a este sector de la poblaci\u00f3n.<\/p>\n\n\n\n<p>\u00abAnte una violencia feminicida que afecta a las ni\u00f1as y adolescentes, los protocolos especializados en la investigaci\u00f3n del delito de feminicidio deben contener un apartado especial para este grupo, que adem\u00e1s de un enfoque de g\u00e9nero contemple la condici\u00f3n de edad, pues urge visibilizar esta problem\u00e1tica a fin de generar acciones de alto impacto para su prevenci\u00f3n, atenci\u00f3n y erradicaci\u00f3n\u00bb, agreg\u00f3 la asociaci\u00f3n civil en un pronunciamiento.<\/p>\n\n\n\n<p>Por su parte, Consorcio expres\u00f3 que \u00abel reciente feminicidio infantil y triple homicidio ocurrido en Juchit\u00e1n de Zaragoza evidencian, una vez m\u00e1s, la urgencia de garantizar la vida y la seguridad de mujeres y ni\u00f1as en Oaxaca\u00bb.<\/p>\n\n\n\n<p>La violencia extrema que arrebat\u00f3 la vida de Noelia de 4 a\u00f1os y de su madre no puede quedar en la impunidad, agreg\u00f3 la asociaci\u00f3n civil, al exigir a las autoridades garantizar justicia inmediata en este caso y para las 290 mujeres v\u00edctimas de feminicidio registradas en el estado durante el actual sexenio (del 1 de diciembre de 2022 al 11 de noviembre de 2025).<\/p>\n\n\n\n<p>Antes de Noelia, otro asesinato de un menor de edad ocurri\u00f3 en julio en el parque Del Amor, ciudad de Oaxaca, durante un ataque armado en contra de un l\u00edder transportista y su familia.<\/p>\n\n\n\n<p>VAN 579 EN EL PA\u00cdS<\/p>\n\n\n\n<p>A nivel nacional, entre enero y septiembre de han registrado al menos 579 ni\u00f1as , ni\u00f1os y adolescentes v\u00edctimas de homicidios dolosos, de acuerdo con el seguimiento de la Redim y con base en el Secretariado Ejecutivo del Sistema Nacional de Seguridad P\u00fablica Nacional (SESNSP). Del total, 89 eran mujeres y 487, hombres.<\/p>\n\n\n\n<p>De los 579 homicidios de ese periodo, 89 han ocurrido en Guanajuato, estado que se ubica en primera lugar en cuanto a este tipo de violencia en contra de las infancias y adolescentes. Le siguen Michoac\u00e1n (49), Sinaloa (44) y Morelos (42).<\/p>\n\n\n\n<p>Del total, 17 casos de ese periodo (enero -septiembre) corresponden a Oaxaca, estado que en el a\u00f1o 2024 report\u00f3 19 menores de edad v\u00edctimas de homicidios dolosos.<\/p>\n","protected":false},"excerpt":{"rendered":"<p>Lisbeth Mej\u00eda Reyes\/Zona Roja. Oaxaca, Oax., a 16 de noviembre de 2025.- La violencia ha&hellip;<\/p>\n","protected":false},"author":2,"featured_media":82300,"comment_status":"closed","ping_status":"open","sticky":false,"template":"","format":"standard","meta":{"_lmt_disableupdate":"","_lmt_disable":"","_jetpack_memberships_contains_paid_content":false,"footnotes":""},"categories":[109,47],"tags":[],"class_list":["post-86978","post","type-post","status-publish","format-standard","has-post-thumbnail","hentry","category-minuto-a-minuto","category-zona-gris"],"jetpack_featured_media_url":"https:\/\/zonaroja.com.mx\/wp-content\/uploads\/2025\/07\/Violencia-ninos-Mexico-menores-asesinatos.jpg","jetpack_sharing_enabled":true,"_links":{"self":[{"href":"https:\/\/zonaroja.com.mx\/index.php?rest_route=\/wp\/v2\/posts\/86978","targetHints":{"allow":["GET"]}}],"collection":[{"href":"https:\/\/zonaroja.com.mx\/index.php?rest_route=\/wp\/v2\/posts"}],"about":[{"href":"https:\/\/zonaroja.com.mx\/index.php?rest_route=\/wp\/v2\/types\/post"}],"author":[{"embeddable":true,"href":"https:\/\/zonaroja.com.mx\/index.php?rest_route=\/wp\/v2\/users\/2"}],"replies":[{"embeddable":true,"href":"https:\/\/zonaroja.com.mx\/index.php?rest_route=%2Fwp%2Fv2%2Fcomments&post=86978"}],"version-history":[{"count":1,"href":"https:\/\/zonaroja.com.mx\/index.php?rest_route=\/wp\/v2\/posts\/86978\/revisions"}],"predecessor-version":[{"id":86979,"href":"https:\/\/zonaroja.com.mx\/index.php?rest_route=\/wp\/v2\/posts\/86978\/revisions\/86979"}],"wp:featuredmedia":[{"embeddable":true,"href":"https:\/\/zonaroja.com.mx\/index.php?rest_route=\/wp\/v2\/media\/82300"}],"wp:attachment":[{"href":"https:\/\/zonaroja.com.mx\/index.php?rest_route=%2Fwp%2Fv2%2Fmedia&parent=86978"}],"wp:term":[{"taxonomy":"category","embeddable":true,"href":"https:\/\/zonaroja.com.mx\/index.php?rest_route=%2Fwp%2Fv2%2Fcategories&post=86978"},{"taxonomy":"post_tag","embeddable":true,"href":"https:\/\/zonaroja.com.mx\/index.php?rest_route=%2Fwp%2Fv2%2Ftags&post=86978"}],"curies":[{"name":"wp","href":"https:\/\/api.w.org\/{rel}","templated":true}]}}