{"id":86980,"date":"2025-11-16T13:23:00","date_gmt":"2025-11-16T19:23:00","guid":{"rendered":"https:\/\/zonaroja.com.mx\/?p=86980"},"modified":"2025-11-16T07:24:05","modified_gmt":"2025-11-16T13:24:05","slug":"emiten-convocatoria-para-elegir-la-imagen-oficial-de-la-guelaguetza-2026","status":"publish","type":"post","link":"https:\/\/zonaroja.com.mx\/?p=86980","title":{"rendered":"Emiten convocatoria para elegir la imagen oficial de la Guelaguetza 2026"},"content":{"rendered":"\n<p>Redacci\u00f3n\/Zona Roja.<\/p>\n\n\n\n<p>Oaxaca, Oax., a 16 de noviembre de 2025.- El Gobierno del Estado, a trav\u00e9s de la Secretar\u00eda de Turismo (Sectur Oaxaca), emiti\u00f3 la convocatoria del Concurso Estatal para seleccionar la imagen oficial de Julio, Mes de la Guelaguetza 2026.<\/p>\n\n\n\n<p>Podr\u00e1n participar personas mayores de 18 a\u00f1os nacidas en Oaxaca, con obras originales e in\u00e9ditas, bajo el tema: \u201cGuelaguetza 2026. Fiesta de los Lunes del Cerro\u201d.<\/p>\n\n\n\n<p>Cada participante podr\u00e1 registrar una sola obra que refleje las manifestaciones culturales, art\u00edsticas, folcl\u00f3ricas, danc\u00edsticas, gastron\u00f3micas y tradicionales de las ocho regiones del estado, as\u00ed como de las 16 culturas originarias y del pueblo afromexicano.<\/p>\n\n\n\n<p>La recepci\u00f3n de trabajos permanecer\u00e1 abierta hasta el 9 de enero de 2026 a las 15:00 horas. Las obras deber\u00e1n entregarse acompa\u00f1adas del formato de registro debidamente rellenado, disponible en el enlace: https:\/\/goo.su\/kAWB<\/p>\n\n\n\n<p>El jurado, integrado por especialistas en artes gr\u00e1ficas y personas organizadoras de las Fiestas de los Lunes del Cerro; seleccionar\u00e1 la imagen oficial de la m\u00e1xima celebraci\u00f3n de Oaxaca. La autora o el autor ganador recibir\u00e1 un apoyo econ\u00f3mico de 50 mil pesos.<\/p>\n\n\n\n<p>Las personas interesadas pueden consultar la convocatoria completa en las redes sociales oficiales de la Secretar\u00eda de Turismo del Estado.<\/p>\n","protected":false},"excerpt":{"rendered":"<p>Redacci\u00f3n\/Zona Roja. Oaxaca, Oax., a 16 de noviembre de 2025.- El Gobierno del Estado, a&hellip;<\/p>\n","protected":false},"author":2,"featured_media":82915,"comment_status":"closed","ping_status":"open","sticky":false,"template":"","format":"standard","meta":{"_lmt_disableupdate":"","_lmt_disable":"","_jetpack_memberships_contains_paid_content":false,"footnotes":""},"categories":[109,46],"tags":[1031],"class_list":["post-86980","post","type-post","status-publish","format-standard","has-post-thumbnail","hentry","category-minuto-a-minuto","category-zona-blanca","tag-secretaria-de-turismo-oaxaca"],"jetpack_featured_media_url":"https:\/\/zonaroja.com.mx\/wp-content\/uploads\/2025\/07\/GUELAGUETZA-2025-EV-10.jpeg","jetpack_sharing_enabled":true,"_links":{"self":[{"href":"https:\/\/zonaroja.com.mx\/index.php?rest_route=\/wp\/v2\/posts\/86980","targetHints":{"allow":["GET"]}}],"collection":[{"href":"https:\/\/zonaroja.com.mx\/index.php?rest_route=\/wp\/v2\/posts"}],"about":[{"href":"https:\/\/zonaroja.com.mx\/index.php?rest_route=\/wp\/v2\/types\/post"}],"author":[{"embeddable":true,"href":"https:\/\/zonaroja.com.mx\/index.php?rest_route=\/wp\/v2\/users\/2"}],"replies":[{"embeddable":true,"href":"https:\/\/zonaroja.com.mx\/index.php?rest_route=%2Fwp%2Fv2%2Fcomments&post=86980"}],"version-history":[{"count":1,"href":"https:\/\/zonaroja.com.mx\/index.php?rest_route=\/wp\/v2\/posts\/86980\/revisions"}],"predecessor-version":[{"id":86981,"href":"https:\/\/zonaroja.com.mx\/index.php?rest_route=\/wp\/v2\/posts\/86980\/revisions\/86981"}],"wp:featuredmedia":[{"embeddable":true,"href":"https:\/\/zonaroja.com.mx\/index.php?rest_route=\/wp\/v2\/media\/82915"}],"wp:attachment":[{"href":"https:\/\/zonaroja.com.mx\/index.php?rest_route=%2Fwp%2Fv2%2Fmedia&parent=86980"}],"wp:term":[{"taxonomy":"category","embeddable":true,"href":"https:\/\/zonaroja.com.mx\/index.php?rest_route=%2Fwp%2Fv2%2Fcategories&post=86980"},{"taxonomy":"post_tag","embeddable":true,"href":"https:\/\/zonaroja.com.mx\/index.php?rest_route=%2Fwp%2Fv2%2Ftags&post=86980"}],"curies":[{"name":"wp","href":"https:\/\/api.w.org\/{rel}","templated":true}]}}