{"id":86986,"date":"2025-11-16T11:08:28","date_gmt":"2025-11-16T17:08:28","guid":{"rendered":"https:\/\/zonaroja.com.mx\/?p=86986"},"modified":"2025-11-16T11:08:28","modified_gmt":"2025-11-16T17:08:28","slug":"detiene-fiscalia-a-dos-personas-por-el-asesinato-de-profesora-en-juchitan","status":"publish","type":"post","link":"https:\/\/zonaroja.com.mx\/?p=86986","title":{"rendered":"Detiene Fiscal\u00eda a dos personas por el asesinato de profesora en Juchit\u00e1n&nbsp;"},"content":{"rendered":"\n<p>Raymundo Morales\/Zona Roja.&nbsp;<\/p>\n\n\n\n<p>Oaxaca, Oax.. a 16 de noviembre de 2025.- La&nbsp;Fiscal\u00eda General del Estado de Oaxaca (FGEO) logr\u00f3 la detenci\u00f3n de dos personas identificadas como A.S.R., alias \u201cAndy\u201d, y T.G.J., por el asesinato de una profesora en Juchit\u00e1n de Zaragoza.&nbsp;<\/p>\n\n\n\n<p>La agresi\u00f3n armada en contra de&nbsp;Adriana de Jesus C. A., profesora originaria de Chiapas,&nbsp;ocurri\u00f3 la noche del viernes afuera de una tienda Oxxo, en el fraccionamiento Infonavit Zapand\u00fa de ese municipio de la regi\u00f3n del Istmo.&nbsp;<\/p>\n\n\n\n<p>En un comunicado, la Fiscal\u00eda&nbsp;inform\u00f3 que la&nbsp;detenci\u00f3n se realiz\u00f3 este 15 de noviembre, cuando elementos de la FGEO a trav\u00e9s de la Agencia Estatal de Investigaciones (AEI), junto con Secretar\u00eda de Marina, Secretar\u00eda de la Defensa Nacional, Guardia Nacional y Polic\u00eda Estatal, llevaban a cabo recorridos de vigilancia y seguridad en torno a la resoluci\u00f3n de estos hechos.<\/p>\n\n\n\n<p class=\"MsoNormal\">Durante el operativo, los elementos policiales les aseguraron un tel\u00e9fono celular y diversos objetos pertenecientes a la v\u00edctima, adem\u00e1s de dosis de droga y un arma de fuego.<\/p>\n\n\n\n<p class=\"MsoNormal\">Las indagatorias establecen que uno de los detenidos estuvo sujeto a proceso penal por el delito de violaci\u00f3n, obteniendo su libertad en septiembre de 2025.<\/p>\n\n\n\n<p class=\"MsoNormal\">\u201cLa Fiscal\u00eda de Oaxaca act\u00faa conforme a las facultades que le otorga la ley y aplica el C\u00f3digo Penal vigente del Estado como base de los trabajos ministeriales para evitar que los delitos queden impunes\u201d, destac\u00f3 en su comunicado.&nbsp;<\/p>\n","protected":false},"excerpt":{"rendered":"<p>Raymundo Morales\/Zona Roja.&nbsp; Oaxaca, Oax.. a 16 de noviembre de 2025.- La&nbsp;Fiscal\u00eda General del Estado&hellip;<\/p>\n","protected":false},"author":2,"featured_media":86985,"comment_status":"closed","ping_status":"open","sticky":false,"template":"","format":"standard","meta":{"_lmt_disableupdate":"","_lmt_disable":"","_jetpack_memberships_contains_paid_content":false,"footnotes":""},"categories":[109,46],"tags":[123],"class_list":["post-86986","post","type-post","status-publish","format-standard","has-post-thumbnail","hentry","category-minuto-a-minuto","category-zona-blanca","tag-juchitan-de-zaragoza"],"jetpack_featured_media_url":"https:\/\/zonaroja.com.mx\/wp-content\/uploads\/2025\/11\/img_1586.jpg","jetpack_sharing_enabled":true,"_links":{"self":[{"href":"https:\/\/zonaroja.com.mx\/index.php?rest_route=\/wp\/v2\/posts\/86986","targetHints":{"allow":["GET"]}}],"collection":[{"href":"https:\/\/zonaroja.com.mx\/index.php?rest_route=\/wp\/v2\/posts"}],"about":[{"href":"https:\/\/zonaroja.com.mx\/index.php?rest_route=\/wp\/v2\/types\/post"}],"author":[{"embeddable":true,"href":"https:\/\/zonaroja.com.mx\/index.php?rest_route=\/wp\/v2\/users\/2"}],"replies":[{"embeddable":true,"href":"https:\/\/zonaroja.com.mx\/index.php?rest_route=%2Fwp%2Fv2%2Fcomments&post=86986"}],"version-history":[{"count":1,"href":"https:\/\/zonaroja.com.mx\/index.php?rest_route=\/wp\/v2\/posts\/86986\/revisions"}],"predecessor-version":[{"id":86987,"href":"https:\/\/zonaroja.com.mx\/index.php?rest_route=\/wp\/v2\/posts\/86986\/revisions\/86987"}],"wp:featuredmedia":[{"embeddable":true,"href":"https:\/\/zonaroja.com.mx\/index.php?rest_route=\/wp\/v2\/media\/86985"}],"wp:attachment":[{"href":"https:\/\/zonaroja.com.mx\/index.php?rest_route=%2Fwp%2Fv2%2Fmedia&parent=86986"}],"wp:term":[{"taxonomy":"category","embeddable":true,"href":"https:\/\/zonaroja.com.mx\/index.php?rest_route=%2Fwp%2Fv2%2Fcategories&post=86986"},{"taxonomy":"post_tag","embeddable":true,"href":"https:\/\/zonaroja.com.mx\/index.php?rest_route=%2Fwp%2Fv2%2Ftags&post=86986"}],"curies":[{"name":"wp","href":"https:\/\/api.w.org\/{rel}","templated":true}]}}