{"id":8699,"date":"2020-02-12T21:36:12","date_gmt":"2020-02-13T03:36:12","guid":{"rendered":"http:\/\/www.zonaroja.com.mx\/?p=8699"},"modified":"2020-02-12T21:36:14","modified_gmt":"2020-02-13T03:36:14","slug":"asegura-el-ieepo-que-hay-atencion-a-normalistas-en-el-ambito-de-su-competencia","status":"publish","type":"post","link":"https:\/\/zonaroja.com.mx\/?p=8699","title":{"rendered":"Asegura el IEEPO que hay atenci\u00f3n a normalistas, en el \u00e1mbito de su competencia"},"content":{"rendered":"\n<p>Redacci\u00f3n\/Zona\nRoja. <\/p>\n\n\n\n<p>Oaxaca de\nJu\u00e1rez, Oax., 12 de febrero de 2020.&nbsp; El\nInstituto Estatal de Educaci\u00f3n P\u00fablica de Oaxaca (IEEPO) inform\u00f3 que, en el \u00e1mbito\nde sus atribuciones, avanza en la atenci\u00f3n de los planteamientos de estudiantes\nnormalistas, dentro de la normatividad vigente y en conjunto con la Secretar\u00eda\nde Educaci\u00f3n P\u00fablica (SEP).<\/p>\n\n\n\n<p>Lo anterior\ndebido que por casi cuatro horas, j\u00f3venes encapuchados, que se identificaron\ncomo estudiantes del Centro Regional de Educaci\u00f3n Normal de Oaxaca (CRENO), se\napoderaron de diversos autobuses del transporte urbano y con ello cerraron\ndiversas vialidades de la capital.<\/p>\n\n\n\n<p>El Instituto\ndetall\u00f3 que en lo que corresponde a la malla curricular, esta atenci\u00f3n es competencia\ndel \u00e1mbito federal y el IEEPO no tiene injerencia en su respuesta pues se\nefect\u00faa en observancia a disposiciones constitucionales y a los procedimientos\nestablecidos por la SEP.<\/p>\n\n\n\n<p>A\u00f1adi\u00f3 que derivado\nde una reuni\u00f3n de trabajo con servidores p\u00fablicos de la Direcci\u00f3n General de\nEducaci\u00f3n Superior para Profesionales de la Educaci\u00f3n (DGESPE), de la\nSecretar\u00eda de Educaci\u00f3n P\u00fablica, se acord\u00f3 adoptar la malla curricular que\nven\u00edan utilizando y que para el ciclo escolar&nbsp;\n2020-2021, se incorporar\u00eda la nueva malla curricular.<\/p>\n\n\n\n<p>Por ese\nmotivo, el \u00e1rea de Certificaci\u00f3n del IEEPO inici\u00f3 el procedimiento\nadministrativo para generar la matr\u00edcula, lo que est\u00e1 resuelto y se encuentra\nen proceso de ser entregado seg\u00fan la normativa.<\/p>\n\n\n\n<p>El IEEPO\nexhort\u00f3 a los estudiantes del Centro&nbsp;\nRegional de Educaci\u00f3n Normal de Oaxaca (CRENO), a continuar por la v\u00eda\ndel di\u00e1logo con la agenda de reuniones de trabajo para atender este y otros\ntemas, as\u00ed como&nbsp; no afectar a la sociedad\ncon acciones que perjudican a terceros,&nbsp;\ncomo el cierre de calles.<\/p>\n","protected":false},"excerpt":{"rendered":"<p>Redacci\u00f3n\/Zona Roja. Oaxaca de Ju\u00e1rez, Oax., 12 de febrero de 2020.&nbsp; El Instituto Estatal de&hellip;<\/p>\n","protected":false},"author":2,"featured_media":8700,"comment_status":"closed","ping_status":"open","sticky":false,"template":"","format":"standard","meta":{"_lmt_disableupdate":"","_lmt_disable":"","_jetpack_memberships_contains_paid_content":false,"footnotes":""},"categories":[109,47],"tags":[599],"class_list":["post-8699","post","type-post","status-publish","format-standard","has-post-thumbnail","hentry","category-minuto-a-minuto","category-zona-gris","tag-instituto-estatal-de-educacion-publica-de-oaxaca"],"jetpack_featured_media_url":"https:\/\/zonaroja.com.mx\/wp-content\/uploads\/2020\/02\/Encapuchados-normalistas.jpg","jetpack_sharing_enabled":true,"_links":{"self":[{"href":"https:\/\/zonaroja.com.mx\/index.php?rest_route=\/wp\/v2\/posts\/8699","targetHints":{"allow":["GET"]}}],"collection":[{"href":"https:\/\/zonaroja.com.mx\/index.php?rest_route=\/wp\/v2\/posts"}],"about":[{"href":"https:\/\/zonaroja.com.mx\/index.php?rest_route=\/wp\/v2\/types\/post"}],"author":[{"embeddable":true,"href":"https:\/\/zonaroja.com.mx\/index.php?rest_route=\/wp\/v2\/users\/2"}],"replies":[{"embeddable":true,"href":"https:\/\/zonaroja.com.mx\/index.php?rest_route=%2Fwp%2Fv2%2Fcomments&post=8699"}],"version-history":[{"count":1,"href":"https:\/\/zonaroja.com.mx\/index.php?rest_route=\/wp\/v2\/posts\/8699\/revisions"}],"predecessor-version":[{"id":8701,"href":"https:\/\/zonaroja.com.mx\/index.php?rest_route=\/wp\/v2\/posts\/8699\/revisions\/8701"}],"wp:featuredmedia":[{"embeddable":true,"href":"https:\/\/zonaroja.com.mx\/index.php?rest_route=\/wp\/v2\/media\/8700"}],"wp:attachment":[{"href":"https:\/\/zonaroja.com.mx\/index.php?rest_route=%2Fwp%2Fv2%2Fmedia&parent=8699"}],"wp:term":[{"taxonomy":"category","embeddable":true,"href":"https:\/\/zonaroja.com.mx\/index.php?rest_route=%2Fwp%2Fv2%2Fcategories&post=8699"},{"taxonomy":"post_tag","embeddable":true,"href":"https:\/\/zonaroja.com.mx\/index.php?rest_route=%2Fwp%2Fv2%2Ftags&post=8699"}],"curies":[{"name":"wp","href":"https:\/\/api.w.org\/{rel}","templated":true}]}}