{"id":86991,"date":"2025-11-16T20:05:22","date_gmt":"2025-11-17T02:05:22","guid":{"rendered":"https:\/\/zonaroja.com.mx\/?p=86991"},"modified":"2025-11-16T20:05:26","modified_gmt":"2025-11-17T02:05:26","slug":"opinion-el-orden-del-desorden","status":"publish","type":"post","link":"https:\/\/zonaroja.com.mx\/?p=86991","title":{"rendered":"Opini\u00f3n. El orden del desorden"},"content":{"rendered":"\n<p>Diego Enrique Osorno*<\/p>\n\n\n\n<p>Al fragor de la llamada guerra del narco, el subcomandante Marcos escribi\u00f3 una carta al fil\u00f3sofo Luis Villoro. Era, a la vez, un diagn\u00f3stico del siglo XXI: una especie de mapa de c\u00f3mo el capitalismo hab\u00eda hecho de la guerra no una excepci\u00f3n, sino la forma estable del mundo.<\/p>\n\n\n\n<p>Toda guerra moderna tiene tres niveles, explicaba Marcos: el f\u00edsico, el moral y el medi\u00e1tico. Primero la fuerza; luego la justificaci\u00f3n; despu\u00e9s la narrativa. Y desde Irak hasta Gaza, desde Ucrania hasta Uruapan, el gui\u00f3n es el mismo: destruir para reconstruir, despoblar para reordenar.<\/p>\n\n\n\n<p>Casi 20 a\u00f1os despu\u00e9s de la guerra del narco&nbsp;iniciada en Michoac\u00e1n, aunque \u00e9sta ya no se libra con el lenguaje de la guerra, sigue siendo una gesti\u00f3n p\u00fablica y financiera de la violencia, porque las guerras capitalistas cada vez necesitan menos enemigos definidos, lo importante es que nunca haya resoluci\u00f3n.<\/p>\n\n\n\n<p>Marcos lo vio desde Chiapas, pero lo entendi\u00f3 globalmente. Sab\u00eda que la guerra del narco no era solamente una guerra \u201cmexicana\u201d, sino una forma localizada de la guerra global por la rentabilidad del caos. Las guerras capitalistas no buscan control pol\u00edtico: buscan flujo econ\u00f3mico.<\/p>\n\n\n\n<p>Don Luis Villoro escribi\u00f3 que la \u00e9tica comienza cuando el individuo se distancia de la moral dominante. Marcos le respondi\u00f3 que la \u00e9tica solo pod\u00eda existir en la resistencia.&nbsp;<\/p>\n\n\n\n<p>En un mundo en el que la violencia es norma, la conciencia es la \u00faltima trinchera. Negarse a la l\u00f3gica b\u00e9lica implica desmontar la idea de progreso como expansi\u00f3n y la de seguridad como control.<\/p>\n\n\n\n<p>La pregunta de ahora no es si habr\u00e1 otra guerra o no, sino qu\u00e9 hacemos mientras tanto.&nbsp;<\/p>\n\n\n\n<p>C\u00f3mo vivimos dentro de una maquinaria que necesita el conflicto para sostenerse, c\u00f3mo pensamos, escribimos o filmamos con coherencia cuando toda imagen, incluso la del dolor, puede volverse mera mercanc\u00eda.<\/p>\n\n\n\n<p>En medio de esta din\u00e1mica, tal vez el \u00fanico gesto radical sea suspender la necesidad de ganar. Sobre la resistencia zapatista, Marcos dec\u00eda: \u201cnuestra guerra no pretende destruir al contrario, sino anular el terreno de su realizaci\u00f3n\u201d. Si el capitalismo hoy es guerra permanente \u2014econ\u00f3mica, medi\u00e1tica, ambiental, digital\u2014, la paz no puede ser solo un cese del fuego: debe ser una forma distinta de organizar el mundo, una que no necesite enemigos para justificar su existencia.<\/p>\n\n\n\n<p>*Escritor y periodista.<\/p>\n","protected":false},"excerpt":{"rendered":"<p>Diego Enrique Osorno* Al fragor de la llamada guerra del narco, el subcomandante Marcos escribi\u00f3&hellip;<\/p>\n","protected":false},"author":2,"featured_media":67760,"comment_status":"closed","ping_status":"open","sticky":false,"template":"","format":"standard","meta":{"_lmt_disableupdate":"","_lmt_disable":"","_jetpack_memberships_contains_paid_content":false,"footnotes":""},"categories":[456,109],"tags":[3020],"class_list":["post-86991","post","type-post","status-publish","format-standard","has-post-thumbnail","hentry","category-columna","category-minuto-a-minuto","tag-diego-enrique-osorno"],"jetpack_featured_media_url":"https:\/\/zonaroja.com.mx\/wp-content\/uploads\/2024\/04\/Diego-Enrique-Osorno.jpeg","jetpack_sharing_enabled":true,"_links":{"self":[{"href":"https:\/\/zonaroja.com.mx\/index.php?rest_route=\/wp\/v2\/posts\/86991","targetHints":{"allow":["GET"]}}],"collection":[{"href":"https:\/\/zonaroja.com.mx\/index.php?rest_route=\/wp\/v2\/posts"}],"about":[{"href":"https:\/\/zonaroja.com.mx\/index.php?rest_route=\/wp\/v2\/types\/post"}],"author":[{"embeddable":true,"href":"https:\/\/zonaroja.com.mx\/index.php?rest_route=\/wp\/v2\/users\/2"}],"replies":[{"embeddable":true,"href":"https:\/\/zonaroja.com.mx\/index.php?rest_route=%2Fwp%2Fv2%2Fcomments&post=86991"}],"version-history":[{"count":1,"href":"https:\/\/zonaroja.com.mx\/index.php?rest_route=\/wp\/v2\/posts\/86991\/revisions"}],"predecessor-version":[{"id":86992,"href":"https:\/\/zonaroja.com.mx\/index.php?rest_route=\/wp\/v2\/posts\/86991\/revisions\/86992"}],"wp:featuredmedia":[{"embeddable":true,"href":"https:\/\/zonaroja.com.mx\/index.php?rest_route=\/wp\/v2\/media\/67760"}],"wp:attachment":[{"href":"https:\/\/zonaroja.com.mx\/index.php?rest_route=%2Fwp%2Fv2%2Fmedia&parent=86991"}],"wp:term":[{"taxonomy":"category","embeddable":true,"href":"https:\/\/zonaroja.com.mx\/index.php?rest_route=%2Fwp%2Fv2%2Fcategories&post=86991"},{"taxonomy":"post_tag","embeddable":true,"href":"https:\/\/zonaroja.com.mx\/index.php?rest_route=%2Fwp%2Fv2%2Ftags&post=86991"}],"curies":[{"name":"wp","href":"https:\/\/api.w.org\/{rel}","templated":true}]}}