{"id":87000,"date":"2025-11-17T10:30:00","date_gmt":"2025-11-17T16:30:00","guid":{"rendered":"https:\/\/zonaroja.com.mx\/?p=87000"},"modified":"2025-11-17T10:58:18","modified_gmt":"2025-11-17T16:58:18","slug":"opinion-morenistas-superficialidades-y-congreso-rezagado","status":"publish","type":"post","link":"https:\/\/zonaroja.com.mx\/?p=87000","title":{"rendered":"Opini\u00f3n. Morenistas, superficialidades y Congreso rezagado"},"content":{"rendered":"\n<p>Ismael Garc\u00eda M.\/Zona Roja.<\/p>\n\n\n\n<p>Oaxaca, Oax., a 17 de noviembre de 2025.- Distra\u00eddo en sus ansias de buscar una diputaci\u00f3n federal en la regi\u00f3n Sierra de Flores Mag\u00f3n, de donde es nativo, el ahora ex presidente de la Junta de Coordinaci\u00f3n Pol\u00edtica, Benjam\u00edn Viveros Montalvo abandon\u00f3 su responsabilidad en el Congreso desde hace muchos meses.<\/p>\n\n\n\n<p>El resultado, un Poder Legislativo d\u00e9bil y rezagado, en que la llamada \u201cCuarta Transformaci\u00f3n\u201d nada m\u00e1s no se refleja. Un \u00f3rgano supeditado a las \u00f3rdenes del Ejecutivo, para aprobar sin chistar cualquier propuesta, as\u00ed suenen a sorna.<\/p>\n\n\n\n<p>Ello a pesar de que el morenista no tuvo pr\u00e1cticamente oposici\u00f3n en el primer a\u00f1o de la 66 Legislatura, pues el PT, Movimiento Ciudadano y el PRI, fueron \u201copositores\u201d de dientes para fuera, pero a la hora de levantar el brazo, lo hac\u00edan bajo instrucciones a favor de la 4T.<\/p>\n\n\n\n<p>\u00bfLeyes relevantes? No se recuerdan muchas, entre ellas la reforma a la Ley Estatal de Revocaci\u00f3n de Mandato, pero que est\u00e1 impugnada ante \u00f3rganos federales.<\/p>\n\n\n\n<p>Eso s\u00ed, pulularon las iniciativas hasta por el d\u00eda del perrito, del gato, del caballo o de cualquier ocurrencia disfrazada de protecci\u00f3n al patrimonio de los pueblos.<\/p>\n\n\n\n<p>Y a Viveros se le recuerda m\u00e1s por los m\u00e1s de 40 millones de pesos destinados a una remodelaci\u00f3n de lujo, solo al \u00e1rea de sesiones. <\/p>\n\n\n\n<p>LOS REZAGOS<\/p>\n\n\n\n<p>De acuerdo con el Censo Nacional de Poderes Legislativos Estatales 2024 del Inegi, actualizado al 24 de julio de este a\u00f1o, a nivel nacional hab\u00eda mil 002 personas legisladoras con estatus activo.<\/p>\n\n\n\n<p>De ellos, el 54.9% eran mujeres, 44.9% hombres, y 0.2%, se asumi\u00f3 como no binario.&nbsp;<\/p>\n\n\n\n<p>En 25 congresos estatales, el porcentaje de mujeres fue igual o mayor a 50%. Destac\u00f3 Chiapas, con el mayor porcentaje de mujeres, con 65.0 por ciento.<\/p>\n\n\n\n<p>Oaxaca es el cuarto estado con m\u00e1s legisladores, 42, s\u00f3lo superado por Veracruz, con 49; Guerrero, que tiene 46, y Ciudad de M\u00e9xico, con 44.<\/p>\n\n\n\n<p>Este a\u00f1o tiene un presupuesto superior a los 618 millones de pesos, incluyendo a su \u00f3rgano Auditor\u00eda Superior de Fiscalizaci\u00f3n, que en nada refleja la llamada austeridad que pregonan. <\/p>\n\n\n\n<p>Nuestra entidad ocupa el quinto lugar en Legislativos del pa\u00eds por el n\u00famero de mujeres, con un aproximado de 61 por ciento; en personas de origen ind\u00edgena, Oaxaca no figura con alg\u00fan n\u00famero de originarios de alguna comunidad.<\/p>\n\n\n\n<p>El Inegi detalla tambi\u00e9n que durante los periodos reportados, en el pa\u00eds se presentaron 32 mil 165 iniciativas ante los congresos estatales. Del total, Jalisco concentr\u00f3 10.6 por ciento; en el caso de nuestra entidad, sumaron mil 464 propuestas presentadas; es apenas la mitad de lo que presentaron al menos otros cinco Congresos locales.<\/p>\n\n\n\n<p>Este recuento, efectuado el a\u00f1o pasado y dado a conocer a mediados de este 2025, da cuenta de la escasa productividad del Legislativo de Oaxaca, conformado en su gran mayor\u00eda por morenistas.<\/p>\n\n\n\n<p>El cambio no se ve por ning\u00fan lado, ni en el primer a\u00f1o que encabez\u00f3 Benjam\u00edn Viveros ni los anteriores, pues se han limitado a obedecer sumisamente los designios del Poder Ejecutivo.<\/p>\n\n\n\n<p>\u00bfQu\u00e9 hicieron Delfina Guzm\u00e1n D\u00edaz, Laura Estrada Mauro, Luis Alfonso Silva Romo y Sergio L\u00f3pez S\u00e1nchez? Las opiniones populares refieren que \u00fanicamente acatar instrucciones ajenas al Legislativo.<\/p>\n\n\n\n<p>LA HERENCIA<\/p>\n\n\n\n<p>El pasado 15 de noviembre asumi\u00f3 funciones la nueva presidenta de la Junta de Coordinaci\u00f3n Pol\u00edtica, Tania Caballero Navarro, representante popular por la regi\u00f3n Mixteca, quien integr\u00f3 tambi\u00e9n la 65 Legislatura.<\/p>\n\n\n\n<p>Pros y contras, por ser la esposa de Shabin Jara Bola\u00f1os, secretario de Organizaci\u00f3n del Partido Morena en la entidad, aunque eso no represente nepotismo, t\u00e9cnica o legalmente hablando.&nbsp;<\/p>\n\n\n\n<p>Va el beneficio de la duda, porque en realidad se requiere recuperar el equilibrio y contrapeso que necesariamente debe haber desde el Legislativo.<\/p>\n\n\n\n<p>Las y los diputados necesitan elevar el nivel de debate; deber\u00edan presentar iniciativas que realmente impacten a la poblaci\u00f3n.<\/p>\n\n\n\n<p>S\u00ed, es importante destacar la gastronom\u00eda, la indumentaria, el patrimonio inmaterial, pero la misma Legislatura ya tiene una ley general, por lo que es innecesario particularizar en cada caso.<\/p>\n\n\n\n<p>Las primeras legislaturas morenistas se destacaron por diversas propuestas, como el freno a las bebidas azucaradas y la protecci\u00f3n al ambiente; la prohibici\u00f3n del matrimonio infantil, as\u00ed como de los pl\u00e1sticos, pero hace falta mucho m\u00e1s.<\/p>\n\n\n\n<p>Se requiere, por ejemplo, fortalecer la legislaci\u00f3n para evitar invasiones a zonas naturales e incluso protegidas; en este caso la mayor responsabilidad es del gobierno federal, pero tambi\u00e9n le toca su parte al Legislativo local.<\/p>\n\n\n\n<p>La protecci\u00f3n animal y de los grupos sociales minoritarios tambi\u00e9n deben ser una prioridad. Reforzar m\u00e1s las sanciones al manejo inadecuado de basura, etc\u00e9tera. <\/p>\n\n\n\n<p>Y, sobre todo, que haya una oposici\u00f3n seria, responsable y propositiva. No se trata nada m\u00e1s de criticar de dientes para fuera, sino de argumentar posiciones frente a las propuestas morenistas.&nbsp;<\/p>\n\n\n\n<p>Los petistas, la emecista y el priista, deben entender que su papel principal es legislar y, en su caso, rebatir con fundamento lo que consideran inadecuado para el estado.&nbsp;No puyas pol\u00edticas sin sentido. <\/p>\n\n\n\n<p>Tania Caballero tiene tambi\u00e9n el reto de mantener la unidad en el Congreso, pues previo a su elecci\u00f3n como coordinadora de la bancada de Morena y presidenta de la Jucopo, las ambiciones se desataron y hasta las posturas contrarias, como la del morenista Nicol\u00e1s Feria Romero, quien emprendi\u00f3 una guerra sucia. <\/p>\n\n\n\n<p>No es ella la primera mujer que dirige el m\u00e1ximo \u00f3rgano del Congreso pero s\u00ed puede poner el ejemplo de lo que se puede y se debe hacer. \u00bfQuerr\u00e1 y lo har\u00e1?<\/p>\n","protected":false},"excerpt":{"rendered":"<p>Ismael Garc\u00eda M.\/Zona Roja. Oaxaca, Oax., a 17 de noviembre de 2025.- Distra\u00eddo en sus&hellip;<\/p>\n","protected":false},"author":2,"featured_media":67764,"comment_status":"closed","ping_status":"open","sticky":false,"template":"","format":"standard","meta":{"_lmt_disableupdate":"","_lmt_disable":"","_jetpack_memberships_contains_paid_content":false,"footnotes":""},"categories":[456,109,48],"tags":[1353],"class_list":["post-87000","post","type-post","status-publish","format-standard","has-post-thumbnail","hentry","category-columna","category-minuto-a-minuto","category-zona-critica","tag-opinion-zona-critica"],"jetpack_featured_media_url":"https:\/\/zonaroja.com.mx\/wp-content\/uploads\/2024\/04\/Opinion-Zona-Roja-Ismael-Garcia.jpg","jetpack_sharing_enabled":true,"_links":{"self":[{"href":"https:\/\/zonaroja.com.mx\/index.php?rest_route=\/wp\/v2\/posts\/87000","targetHints":{"allow":["GET"]}}],"collection":[{"href":"https:\/\/zonaroja.com.mx\/index.php?rest_route=\/wp\/v2\/posts"}],"about":[{"href":"https:\/\/zonaroja.com.mx\/index.php?rest_route=\/wp\/v2\/types\/post"}],"author":[{"embeddable":true,"href":"https:\/\/zonaroja.com.mx\/index.php?rest_route=\/wp\/v2\/users\/2"}],"replies":[{"embeddable":true,"href":"https:\/\/zonaroja.com.mx\/index.php?rest_route=%2Fwp%2Fv2%2Fcomments&post=87000"}],"version-history":[{"count":2,"href":"https:\/\/zonaroja.com.mx\/index.php?rest_route=\/wp\/v2\/posts\/87000\/revisions"}],"predecessor-version":[{"id":87006,"href":"https:\/\/zonaroja.com.mx\/index.php?rest_route=\/wp\/v2\/posts\/87000\/revisions\/87006"}],"wp:featuredmedia":[{"embeddable":true,"href":"https:\/\/zonaroja.com.mx\/index.php?rest_route=\/wp\/v2\/media\/67764"}],"wp:attachment":[{"href":"https:\/\/zonaroja.com.mx\/index.php?rest_route=%2Fwp%2Fv2%2Fmedia&parent=87000"}],"wp:term":[{"taxonomy":"category","embeddable":true,"href":"https:\/\/zonaroja.com.mx\/index.php?rest_route=%2Fwp%2Fv2%2Fcategories&post=87000"},{"taxonomy":"post_tag","embeddable":true,"href":"https:\/\/zonaroja.com.mx\/index.php?rest_route=%2Fwp%2Fv2%2Ftags&post=87000"}],"curies":[{"name":"wp","href":"https:\/\/api.w.org\/{rel}","templated":true}]}}