{"id":87004,"date":"2025-11-17T12:19:00","date_gmt":"2025-11-17T18:19:00","guid":{"rendered":"https:\/\/zonaroja.com.mx\/?p=87004"},"modified":"2025-11-17T08:20:36","modified_gmt":"2025-11-17T14:20:36","slug":"portaaviones-de-eu-el-mas-grande-del-mundo-ya-esta-en-el-caribe","status":"publish","type":"post","link":"https:\/\/zonaroja.com.mx\/?p=87004","title":{"rendered":"Portaaviones de EU, el m\u00e1s grande del mundo, ya est\u00e1 en el Caribe"},"content":{"rendered":"\n<p>Redacci\u00f3n\/Zona Roja Cdmx.<\/p>\n\n\n\n<p>(Informaci\u00f3n de L\u00f3pez-D\u00f3riga Digital)<\/p>\n\n\n\n<p>Ciudad de M\u00e9xico, a 17 de noviembre de 2025.- El jefe del Comando Sur de Estados Unidos, el almirante Alvin Holsey, inform\u00f3 que el portaaviones USS Gerald R. Ford, el m\u00e1s grande del Pent\u00e1gono, entr\u00f3 a aguas del Caribe con el objetivo de \u201ccombatir las amenazas transnacionales\u201d y en medio de la disputa de su pa\u00eds con Venezuela.<\/p>\n\n\n\n<p>\u201cA trav\u00e9s de un firme compromiso y el uso preciso de nuestras potencias, estamos listos para combatir las amenazas transnacionales que buscan desestabilizar nuestra regi\u00f3n\u201d, afirm\u00f3 Holsey en un comunicado.<\/p>\n\n\n\n<p>Este operativo mar\u00edtimo en el \u00e1rea del Comando Sur de EE.UU. proviene por \u00f3rdenes del secretario de Guerra (Defensa), Pete Hegseth, quien dirige el grupo de ataque del portaaviones, y en apoyo a directrices del presidente de EE.UU., Donald Trump, de desmantelar organizaciones criminales transnacionales y contrarrestar narcoterroristas para defender su territorio.<\/p>\n\n\n\n<p>\u201cEl despliegue del equipo de ataque del USS Gerald R. Ford representa un paso cr\u00edtico en reforzar nuestra soluci\u00f3n de proteger la seguridad del hemisferio occidental y la del territorio americano\u201d, enfatiz\u00f3.<\/p>\n\n\n\n<p>El portaaviones acompa\u00f1ar\u00e1 a la Unidad Expedicionaria 22 a bordo del USS Iwo Jima, como parte de la operaci\u00f3n militar \u201cSouthern Spear\u201d (Lanza del sur) que est\u00e1 relacionada con la lucha de Washington contra el narcotr\u00e1fico originado en Latinoam\u00e9rica y que se presenta en un momento marcado por la creciente presi\u00f3n del Gobierno de Donald Trump sobre Venezuela.<\/p>\n\n\n\n<p>PODEROSO<\/p>\n\n\n\n<p>El USS Gerald R. Ford es el portaaviones m\u00e1s grande del mundo, con capacidad para 4 mil 500 tripulantes y 70 aviones, es considerado por la Marina de Estados Unidos como la \u201cplataforma de combate m\u00e1s capaz, vers\u00e1til y letal del mundo\u201d.<\/p>\n\n\n\n<p>El Gerald R. Ford, que mide m\u00e1s de 335 metros de largo y funciona con energ\u00eda nuclear, cuenta con un sistema pionero de catapulta de aviones para el despegue electromagn\u00e9tico, radares avanzados y reactores nucleares, que alimentan ininterrumpidamente los motores del nav\u00edo.<\/p>\n\n\n\n<p>Durante su periodo de pruebas, el USS Gerald Ford resisti\u00f3 en 2021 el impacto de tres explosiones submarinas conocidas como pruebas de choque a nivel de buque, que acreditaron su capacidad para resistir fuertes impactos y seguir operando en condiciones extremas.<\/p>\n\n\n\n<p>Por su parte, el ministro de Asuntos Exteriores de Trinidad y Tobago, Sean Sobers, confirm\u00f3 el que la Marina de Guerra de EE.UU. llegar\u00eda este domingo al territorio caribe\u00f1o para seguir sus ejercicios militares con la Fuerza de Defensa Trinitense en medio de las tensiones entre el pa\u00eds norteamericano y Venezuela.<\/p>\n\n\n\n<p>Las tensiones entre Venezuela y Trinidad se intensificaron con el atraque en Puerto Espa\u00f1a hace una semana del USS Gravely, un destructor estadounidense equipado con misiles guiados.<\/p>\n\n\n\n<p>En las \u00faltimas semanas, las fuerzas estadounidenses han destruido en aguas del Caribe y del Pac\u00edfico oriental m\u00e1s de una decena de embarcaciones presuntamente vinculadas al narcotr\u00e1fico, ataques en los que han muerto la mayor\u00eda de sus tripulantes.<\/p>\n\n\n\n<p>(Con informaci\u00f3n de EFE)<\/p>\n","protected":false},"excerpt":{"rendered":"<p>Redacci\u00f3n\/Zona Roja Cdmx. (Informaci\u00f3n de L\u00f3pez-D\u00f3riga Digital) Ciudad de M\u00e9xico, a 17 de noviembre de&hellip;<\/p>\n","protected":false},"author":2,"featured_media":86816,"comment_status":"closed","ping_status":"open","sticky":false,"template":"","format":"standard","meta":{"_lmt_disableupdate":"","_lmt_disable":"","_jetpack_memberships_contains_paid_content":false,"footnotes":""},"categories":[109,47],"tags":[],"class_list":["post-87004","post","type-post","status-publish","format-standard","has-post-thumbnail","hentry","category-minuto-a-minuto","category-zona-gris"],"jetpack_featured_media_url":"https:\/\/zonaroja.com.mx\/wp-content\/uploads\/2025\/11\/Portaaviones-Estados-Unidos-en-AL.webp","jetpack_sharing_enabled":true,"_links":{"self":[{"href":"https:\/\/zonaroja.com.mx\/index.php?rest_route=\/wp\/v2\/posts\/87004","targetHints":{"allow":["GET"]}}],"collection":[{"href":"https:\/\/zonaroja.com.mx\/index.php?rest_route=\/wp\/v2\/posts"}],"about":[{"href":"https:\/\/zonaroja.com.mx\/index.php?rest_route=\/wp\/v2\/types\/post"}],"author":[{"embeddable":true,"href":"https:\/\/zonaroja.com.mx\/index.php?rest_route=\/wp\/v2\/users\/2"}],"replies":[{"embeddable":true,"href":"https:\/\/zonaroja.com.mx\/index.php?rest_route=%2Fwp%2Fv2%2Fcomments&post=87004"}],"version-history":[{"count":1,"href":"https:\/\/zonaroja.com.mx\/index.php?rest_route=\/wp\/v2\/posts\/87004\/revisions"}],"predecessor-version":[{"id":87005,"href":"https:\/\/zonaroja.com.mx\/index.php?rest_route=\/wp\/v2\/posts\/87004\/revisions\/87005"}],"wp:featuredmedia":[{"embeddable":true,"href":"https:\/\/zonaroja.com.mx\/index.php?rest_route=\/wp\/v2\/media\/86816"}],"wp:attachment":[{"href":"https:\/\/zonaroja.com.mx\/index.php?rest_route=%2Fwp%2Fv2%2Fmedia&parent=87004"}],"wp:term":[{"taxonomy":"category","embeddable":true,"href":"https:\/\/zonaroja.com.mx\/index.php?rest_route=%2Fwp%2Fv2%2Fcategories&post=87004"},{"taxonomy":"post_tag","embeddable":true,"href":"https:\/\/zonaroja.com.mx\/index.php?rest_route=%2Fwp%2Fv2%2Ftags&post=87004"}],"curies":[{"name":"wp","href":"https:\/\/api.w.org\/{rel}","templated":true}]}}