{"id":87007,"date":"2025-11-17T15:27:16","date_gmt":"2025-11-17T21:27:16","guid":{"rendered":"https:\/\/zonaroja.com.mx\/?p=87007"},"modified":"2025-11-17T15:27:19","modified_gmt":"2025-11-17T21:27:19","slug":"periodista-denuncia-a-senador-fernandez-norona-de-espionaje-y-acoso","status":"publish","type":"post","link":"https:\/\/zonaroja.com.mx\/?p=87007","title":{"rendered":"Periodista denuncia a senador Fern\u00e1ndez Noro\u00f1a de espionaje y acoso"},"content":{"rendered":"\n<p>Redacci\u00f3n\/Zona Roja Cdmx.<\/p>\n\n\n\n<p>(Informaci\u00f3n de Pol\u00edtico.Mx)<\/p>\n\n\n\n<p>Ciudad de M\u00e9xico, a 17 de noviembre de 2025.- La periodista Azucena Uresti acus\u00f3 al senador Gerardo Fern\u00e1ndez Noro\u00f1a, por presunto acoso, espionaje e intimidaci\u00f3n en redes sociales.<\/p>\n\n\n\n<p>La controversia se dio luego de que el legislador morenista difundiera que Uresti adquiri\u00f3 un autom\u00f3vil de la marca BMW, lo que encendi\u00f3 las alarmas debido a que se trata de informaci\u00f3n personal.<\/p>\n\n\n\n<p>Por ello, la periodista responsabiliz\u00f3 directamente al senador por su seguridad y la de su familia se\u00f1alando a Noro\u00f1a de ser un \u201cacosador\u201d y de violar la ley: \u201cSi algo le pasa a mi familia, a mis hijos o a m\u00ed, lo responsabilizo a usted Senador\u201d.<\/p>\n\n\n\n<p>Adem\u00e1s, lo ret\u00f3 a que mejor muestre evidencias sobre las adquisiciones de las que Noro\u00f1a la ha se\u00f1alado a\u00f1adiendo que aclare las pol\u00e9micas que lo han envuelto: \u201cde pasadita muestre las escrituras de su casa en Tepoztl\u00e1n, diga qui\u00e9n le pag\u00f3 el vuelo privado y el viaje a Palestina\u201d.<\/p>\n\n\n\n<p>Noro\u00f1a se defendi\u00f3 asegurando que lo que comparti\u00f3 es verdad y cuestion\u00f3 si la informaci\u00f3n que se ha publicado sobre \u00e9l respecto de la adquisici\u00f3n de su casa de 12 millones en Tepoztl\u00e1n no era acoso: \u201cAhora resulta que usted me golpea todo el tiempo y eso no es acoso y yo doy una informaci\u00f3n veraz y usted dice que es acoso\u201d.<\/p>\n\n\n\n<p>LOS PLEITOS<\/p>\n\n\n\n<p>No es la primera vez que Uresti confronta a Fern\u00e1ndez Noro\u00f1a por la publicaci\u00f3n de fotos o informaci\u00f3n personal.<\/p>\n\n\n\n<p>A ra\u00edz de la adquisici\u00f3n de la casa en Tepoztl\u00e1n, el senador comparti\u00f3 en agosto de este a\u00f1o una foto de Azucena en un gimnasio, supuestamente en el edificio donde tendr\u00eda un departamento de 13 millones de pesos, seg\u00fan ha dicho Noro\u00f1a.<\/p>\n\n\n\n<p>La periodista lo acus\u00f3 de intimidaci\u00f3n tras la difusi\u00f3n de otra imagen personal, preguntando directamente: \u201c\u00bfMe esp\u00eda, senador?\u201d.<\/p>\n","protected":false},"excerpt":{"rendered":"<p>Redacci\u00f3n\/Zona Roja Cdmx. (Informaci\u00f3n de Pol\u00edtico.Mx) Ciudad de M\u00e9xico, a 17 de noviembre de 2025.-&hellip;<\/p>\n","protected":false},"author":2,"featured_media":87008,"comment_status":"closed","ping_status":"open","sticky":false,"template":"","format":"standard","meta":{"_lmt_disableupdate":"","_lmt_disable":"","_jetpack_memberships_contains_paid_content":false,"footnotes":""},"categories":[109,47],"tags":[4256],"class_list":["post-87007","post","type-post","status-publish","format-standard","has-post-thumbnail","hentry","category-minuto-a-minuto","category-zona-gris","tag-gerardo-fernandez-norona"],"jetpack_featured_media_url":"https:\/\/zonaroja.com.mx\/wp-content\/uploads\/2025\/11\/Azucena-Uresti-y-Fernandez-Norona.avif","jetpack_sharing_enabled":true,"_links":{"self":[{"href":"https:\/\/zonaroja.com.mx\/index.php?rest_route=\/wp\/v2\/posts\/87007","targetHints":{"allow":["GET"]}}],"collection":[{"href":"https:\/\/zonaroja.com.mx\/index.php?rest_route=\/wp\/v2\/posts"}],"about":[{"href":"https:\/\/zonaroja.com.mx\/index.php?rest_route=\/wp\/v2\/types\/post"}],"author":[{"embeddable":true,"href":"https:\/\/zonaroja.com.mx\/index.php?rest_route=\/wp\/v2\/users\/2"}],"replies":[{"embeddable":true,"href":"https:\/\/zonaroja.com.mx\/index.php?rest_route=%2Fwp%2Fv2%2Fcomments&post=87007"}],"version-history":[{"count":1,"href":"https:\/\/zonaroja.com.mx\/index.php?rest_route=\/wp\/v2\/posts\/87007\/revisions"}],"predecessor-version":[{"id":87009,"href":"https:\/\/zonaroja.com.mx\/index.php?rest_route=\/wp\/v2\/posts\/87007\/revisions\/87009"}],"wp:featuredmedia":[{"embeddable":true,"href":"https:\/\/zonaroja.com.mx\/index.php?rest_route=\/wp\/v2\/media\/87008"}],"wp:attachment":[{"href":"https:\/\/zonaroja.com.mx\/index.php?rest_route=%2Fwp%2Fv2%2Fmedia&parent=87007"}],"wp:term":[{"taxonomy":"category","embeddable":true,"href":"https:\/\/zonaroja.com.mx\/index.php?rest_route=%2Fwp%2Fv2%2Fcategories&post=87007"},{"taxonomy":"post_tag","embeddable":true,"href":"https:\/\/zonaroja.com.mx\/index.php?rest_route=%2Fwp%2Fv2%2Ftags&post=87007"}],"curies":[{"name":"wp","href":"https:\/\/api.w.org\/{rel}","templated":true}]}}