{"id":87010,"date":"2025-11-17T17:17:56","date_gmt":"2025-11-17T23:17:56","guid":{"rendered":"https:\/\/zonaroja.com.mx\/?p=87010"},"modified":"2025-11-17T17:17:59","modified_gmt":"2025-11-17T23:17:59","slug":"identifican-a-individuo-ejecutado-a-balazos-y-mujer-lesionada-en-ocotlan","status":"publish","type":"post","link":"https:\/\/zonaroja.com.mx\/?p=87010","title":{"rendered":"Identifican a individuo ejecutado a balazos y mujer lesionada en Ocotl\u00e1n"},"content":{"rendered":"\n<p>Raymundo Morales\/Zona Roja.<\/p>\n\n\n\n<p>Oaxaca, Oax., a 17 de noviembre de 2025.- Como Jos\u00e9 L. A. fue identificado el individuo ejecutado a balazos en jurisdicci\u00f3n de Ocotl\u00e1n, Oaxaca, mientras que su pareja que result\u00f3 lesionada dijo llamarse Vanesa \u201cN\u201d.<\/p>\n\n\n\n<p>Los hechos ocurrieron alrededor de las 10:00 horas de este lunes en que sujetos armados dispararon en contra de los ocupantes de una camioneta marca Mazda, color gris, con placas de circulaci\u00f3n DMA-003-B.<\/p>\n\n\n\n<p>La unidad de motor del servicio particular circulaba de Ocotl\u00e1n de Morelos hacia Santa Catarina Minas, cuando ocurri\u00f3 la agresi\u00f3n.<\/p>\n\n\n\n<p>Personal policiaco estatal y municipal arrib\u00f3 a la zona para efectuar el acordonamiento respectivo mientras que otras unidades efectuaron patrullajes de b\u00fasqueda, sin \u00e9xito alguno.<\/p>\n\n\n\n<p>La femenina lesionada fue trasladada a un hospital de la regi\u00f3n Valles Centrales del Estado, donde la reportan delicada de salud.&nbsp;<\/p>\n\n\n\n<p>La Fiscal\u00eda General del Estado de Oaxaca inici\u00f3 las indagatorias correspondientes, con la finalidad de dar con el paradero del o de los responsables del homicidio e intento de homicidio.<\/p>\n","protected":false},"excerpt":{"rendered":"<p>Raymundo Morales\/Zona Roja. Oaxaca, Oax., a 17 de noviembre de 2025.- Como Jos\u00e9 L. A.&hellip;<\/p>\n","protected":false},"author":2,"featured_media":87011,"comment_status":"closed","ping_status":"open","sticky":false,"template":"","format":"standard","meta":{"_lmt_disableupdate":"","_lmt_disable":"","_jetpack_memberships_contains_paid_content":false,"footnotes":""},"categories":[109,51],"tags":[835],"class_list":["post-87010","post","type-post","status-publish","format-standard","has-post-thumbnail","hentry","category-minuto-a-minuto","category-zona-roja","tag-ocotlan-de-morelos"],"jetpack_featured_media_url":"https:\/\/zonaroja.com.mx\/wp-content\/uploads\/2025\/11\/Ejecutado-en-ocotlan-Oaxaca.jpeg","jetpack_sharing_enabled":true,"_links":{"self":[{"href":"https:\/\/zonaroja.com.mx\/index.php?rest_route=\/wp\/v2\/posts\/87010","targetHints":{"allow":["GET"]}}],"collection":[{"href":"https:\/\/zonaroja.com.mx\/index.php?rest_route=\/wp\/v2\/posts"}],"about":[{"href":"https:\/\/zonaroja.com.mx\/index.php?rest_route=\/wp\/v2\/types\/post"}],"author":[{"embeddable":true,"href":"https:\/\/zonaroja.com.mx\/index.php?rest_route=\/wp\/v2\/users\/2"}],"replies":[{"embeddable":true,"href":"https:\/\/zonaroja.com.mx\/index.php?rest_route=%2Fwp%2Fv2%2Fcomments&post=87010"}],"version-history":[{"count":1,"href":"https:\/\/zonaroja.com.mx\/index.php?rest_route=\/wp\/v2\/posts\/87010\/revisions"}],"predecessor-version":[{"id":87012,"href":"https:\/\/zonaroja.com.mx\/index.php?rest_route=\/wp\/v2\/posts\/87010\/revisions\/87012"}],"wp:featuredmedia":[{"embeddable":true,"href":"https:\/\/zonaroja.com.mx\/index.php?rest_route=\/wp\/v2\/media\/87011"}],"wp:attachment":[{"href":"https:\/\/zonaroja.com.mx\/index.php?rest_route=%2Fwp%2Fv2%2Fmedia&parent=87010"}],"wp:term":[{"taxonomy":"category","embeddable":true,"href":"https:\/\/zonaroja.com.mx\/index.php?rest_route=%2Fwp%2Fv2%2Fcategories&post=87010"},{"taxonomy":"post_tag","embeddable":true,"href":"https:\/\/zonaroja.com.mx\/index.php?rest_route=%2Fwp%2Fv2%2Ftags&post=87010"}],"curies":[{"name":"wp","href":"https:\/\/api.w.org\/{rel}","templated":true}]}}