{"id":87013,"date":"2025-11-17T17:28:57","date_gmt":"2025-11-17T23:28:57","guid":{"rendered":"https:\/\/zonaroja.com.mx\/?p=87013"},"modified":"2025-11-17T17:28:59","modified_gmt":"2025-11-17T23:28:59","slug":"detienen-a-otro-presunto-lider-criminal-del-istmo-es-de-michoacan","status":"publish","type":"post","link":"https:\/\/zonaroja.com.mx\/?p=87013","title":{"rendered":"Detienen a otro presunto l\u00edder criminal del Istmo; es de Michoac\u00e1n"},"content":{"rendered":"\n<p>Redacci\u00f3n\/Zona Roja.<\/p>\n\n\n\n<p>Oaxaca, Oax., a 17 de noviembre de 2025.- La Fiscal\u00eda General del Estado de Oaxaca (FGEO), en coordinaci\u00f3n con la Fiscal\u00eda General del Estado de Michoac\u00e1n, ejecut\u00f3 una orden de aprehensi\u00f3n en contra de una persona del sexo masculino identificada como C.A.E.L., alias \u00abEl Furcio\u00bb, por el delito de homicidio calificado con ventaja, identificado como l\u00edder de una c\u00e9lula delictiva que opera en Mat\u00edas Romero, en la regi\u00f3n del Istmo de Tehuantepec.<\/p>\n\n\n\n<p>De acuerdo con el expediente penal, los hechos ocurrieron el 16 de diciembre de 2022, en un camino de terracer\u00eda que conduce a la rancher\u00eda Guigulana, en la colonia Ojo de Agua, perteneciente a Santo Domingo Petapa, sitio donde la v\u00edctima identificada como E.J.A., descend\u00eda de una unidad de motor cuando fue sorprendida y atacada con disparos de arma de fuego, lesiones que le causaron la muerte.<\/p>\n\n\n\n<p>Tras tener conocimiento de los hechos, la Fiscal\u00eda de Oaxaca inici\u00f3 las investigaciones ministeriales correspondientes, a trav\u00e9s de la Fiscal\u00eda Especializada en Delitos de Alto Impacto y la Unidad Policial Especializada en Combate al Secuestro (UPES), logrando obtener una orden de aprehensi\u00f3n en contra de C.A.E.L., alias \u00abEl Furcio\u00bb, por el delito de homicidio calificado con ventaja.<\/p>\n\n\n\n<p>Durante las labores de investigaci\u00f3n y localizaci\u00f3n, se estableci\u00f3 que el imputado se encontraba en el estado de Michoac\u00e1n, por lo que se solicit\u00f3 la colaboraci\u00f3n de la Secretar\u00eda de Seguridad y Protecci\u00f3n Ciudadana y de la Fiscal\u00eda de dicha entidad para ejecutar la orden de aprehensi\u00f3n.<\/p>\n\n\n\n<p>Tras su detenci\u00f3n, se realizaron los tr\u00e1mites legales pertinentes para su traslado a Oaxaca y su puesta a disposici\u00f3n de la autoridad ministerial correspondiente.<\/p>\n\n\n\n<p>Adem\u00e1s, que las investigaciones ministeriales, revelaron que C.A.E.L., alias \u00abEl Furcio\u00bb, cuenta con antecedentes penales y ya ha enfrentado procesos penales por su involucramiento con grupos criminales de Michoac\u00e1n.<\/p>\n","protected":false},"excerpt":{"rendered":"<p>Redacci\u00f3n\/Zona Roja. Oaxaca, Oax., a 17 de noviembre de 2025.- La Fiscal\u00eda General del Estado&hellip;<\/p>\n","protected":false},"author":2,"featured_media":87014,"comment_status":"closed","ping_status":"open","sticky":false,"template":"","format":"standard","meta":{"_lmt_disableupdate":"","_lmt_disable":"","_jetpack_memberships_contains_paid_content":false,"footnotes":""},"categories":[109,47],"tags":[494],"class_list":["post-87013","post","type-post","status-publish","format-standard","has-post-thumbnail","hentry","category-minuto-a-minuto","category-zona-gris","tag-fiscalia-general-del-estado-de-oaxaca"],"jetpack_featured_media_url":"https:\/\/zonaroja.com.mx\/wp-content\/uploads\/2025\/11\/Detenido-Michoacan-lider-criminal-en-Matias-Romero.jpeg","jetpack_sharing_enabled":true,"_links":{"self":[{"href":"https:\/\/zonaroja.com.mx\/index.php?rest_route=\/wp\/v2\/posts\/87013","targetHints":{"allow":["GET"]}}],"collection":[{"href":"https:\/\/zonaroja.com.mx\/index.php?rest_route=\/wp\/v2\/posts"}],"about":[{"href":"https:\/\/zonaroja.com.mx\/index.php?rest_route=\/wp\/v2\/types\/post"}],"author":[{"embeddable":true,"href":"https:\/\/zonaroja.com.mx\/index.php?rest_route=\/wp\/v2\/users\/2"}],"replies":[{"embeddable":true,"href":"https:\/\/zonaroja.com.mx\/index.php?rest_route=%2Fwp%2Fv2%2Fcomments&post=87013"}],"version-history":[{"count":1,"href":"https:\/\/zonaroja.com.mx\/index.php?rest_route=\/wp\/v2\/posts\/87013\/revisions"}],"predecessor-version":[{"id":87015,"href":"https:\/\/zonaroja.com.mx\/index.php?rest_route=\/wp\/v2\/posts\/87013\/revisions\/87015"}],"wp:featuredmedia":[{"embeddable":true,"href":"https:\/\/zonaroja.com.mx\/index.php?rest_route=\/wp\/v2\/media\/87014"}],"wp:attachment":[{"href":"https:\/\/zonaroja.com.mx\/index.php?rest_route=%2Fwp%2Fv2%2Fmedia&parent=87013"}],"wp:term":[{"taxonomy":"category","embeddable":true,"href":"https:\/\/zonaroja.com.mx\/index.php?rest_route=%2Fwp%2Fv2%2Fcategories&post=87013"},{"taxonomy":"post_tag","embeddable":true,"href":"https:\/\/zonaroja.com.mx\/index.php?rest_route=%2Fwp%2Fv2%2Ftags&post=87013"}],"curies":[{"name":"wp","href":"https:\/\/api.w.org\/{rel}","templated":true}]}}