{"id":87016,"date":"2025-11-17T17:35:36","date_gmt":"2025-11-17T23:35:36","guid":{"rendered":"https:\/\/zonaroja.com.mx\/?p=87016"},"modified":"2025-11-17T17:35:39","modified_gmt":"2025-11-17T23:35:39","slug":"incesante-violencia-en-michoacan-grupos-delictivos-bloquean-e-incendian-vehiculos","status":"publish","type":"post","link":"https:\/\/zonaroja.com.mx\/?p=87016","title":{"rendered":"Incesante violencia en Michoac\u00e1n: grupos delictivos bloquean e incendian veh\u00edculos"},"content":{"rendered":"\n<p>Redacci\u00f3n\/Zona Roja Cdmx.<\/p>\n\n\n\n<p>(Informaci\u00f3n de \u201cEl Financiero\u201d)<\/p>\n\n\n\n<p>Ciudad de M\u00e9xico, a 17 de noviembre de 2025.- El secretario de Gobierno de Michoac\u00e1n, Ra\u00fal Zepeda Villase\u00f1or, inform\u00f3 que fueron abatidos dos presuntos delincuentes en Salvador Escalante. Tras los hechos, un grupo delictivo incendi\u00f3 varios autos en distintos tramos carreteros del estado.<\/p>\n\n\n\n<p>Por ello, elementos de la Secretar\u00eda de Seguridad P\u00fablica (SSP) trabajan para liberar las vialidades en distintos puntos de la entidad que se encuentran bloqueadas; al momento hay dos presuntos implicados en los hechos que fueron abatidos, as\u00ed lo se\u00f1al\u00f3 el titular de la instituci\u00f3n Jos\u00e9 Antonio Cruz Medina.<\/p>\n\n\n\n<p>Estos hechos derivan de un operativo que se mantiene para detener a un sujeto, considerado como objetivo prioritario por autoridades de seguridad. En respuesta, grupos criminales realizan los bloqueos en las regiones de La Piedad, Zamora y P\u00e1tzcuaro donde varios civiles armados atravesaron veh\u00edculos particulares y de carga en distintos puntos carreteros para obstruir la circulaci\u00f3n, y en otros casos incendiarlos. Los agentes de la Guardia Civil se han desplegado para retirarlos y restablecer la circulaci\u00f3n.<\/p>\n\n\n\n<p>Al momento, en la carretera Morelia-Quiroga a la altura del municipio de Tzintzuntzan ya se reabri\u00f3 la vialidad; en Ecuandureo, Ixtl\u00e1n, Tangamandapio, Zamora y Numar\u00e1n se trabaja para retirar las unidades que obstruyen las v\u00edas de comunicaci\u00f3n.<\/p>\n\n\n\n<p>Se trabaja a trav\u00e9s de las c\u00e1maras del C5 Michoac\u00e1n para obtener datos que permitan dar con responsables de estos hechos; para brindar informaci\u00f3n an\u00f3nima que coadyuve a lo anterior es necesario comunicarse a las l\u00edneas 911 o 089.<\/p>\n\n\n\n<p>EL CAMBIO<\/p>\n\n\n\n<p>Apenas ayer, el gobernador Alfredo Ram\u00edrez sustituy\u00f3 a dos jefes policiales estatales para mejorar la seguridad.<\/p>\n\n\n\n<p>Sin embargo, la violencia comenz\u00f3 despu\u00e9s de las 12 del d\u00eda en el municipio de Salvador Escalante.<\/p>\n\n\n\n<p>Y hasta el momento, la situaci\u00f3n todav\u00eda no est\u00e1 controlada.<\/p>\n\n\n\n<p>El gobernador Alfredo Ram\u00edrez Bedolla inform\u00f3 el nombramiento de Jos\u00e9 Antonio Cruz como nuevo secretario de Seguridad P\u00fablica en Michoac\u00e1n.<\/p>\n\n\n\n<p>Seg\u00fan Bedolla, el nombramiento de Jos\u00e9 Cruz Medina forma parte de la \u201cconsolidaci\u00f3n del Plan Michoac\u00e1n por la Paz y la Justicia\u201d.<\/p>\n\n\n\n<p>El nombramiento de un nuevo titular de Seguridad en Michoac\u00e1n ocurre luego del asesinato del alcalde de Uruapan, Carlos Manzo, el 1 de noviembre pasado durante un evento p\u00fablico.<\/p>\n\n\n\n<p>El nuevo titular de la SSP desempe\u00f1\u00f3 funciones en Michoac\u00e1n durante la actual administraci\u00f3n de Bedolla, en el cargo de subsecretario de Investigaci\u00f3n Especializada, funci\u00f3n que tuvo hasta el pasado 18 de agosto. Al frente de esa \u00e1rea, Jos\u00e9 Cruz encabez\u00f3 las indagatorias preliminares que derivaron en la detenci\u00f3n de Jes\u00fas \u201cN\u201d, alias El Chuy y\/o La Hamburguesa, en el municipio de Zacapu.<\/p>\n","protected":false},"excerpt":{"rendered":"<p>Redacci\u00f3n\/Zona Roja Cdmx. (Informaci\u00f3n de \u201cEl Financiero\u201d) Ciudad de M\u00e9xico, a 17 de noviembre de&hellip;<\/p>\n","protected":false},"author":2,"featured_media":87017,"comment_status":"closed","ping_status":"open","sticky":false,"template":"","format":"standard","meta":{"_lmt_disableupdate":"","_lmt_disable":"","_jetpack_memberships_contains_paid_content":false,"footnotes":""},"categories":[109,47],"tags":[4511],"class_list":["post-87016","post","type-post","status-publish","format-standard","has-post-thumbnail","hentry","category-minuto-a-minuto","category-zona-gris","tag-violencia-en-michoacan"],"jetpack_featured_media_url":"https:\/\/zonaroja.com.mx\/wp-content\/uploads\/2025\/11\/Violencia-en-Michoacan.jpeg","jetpack_sharing_enabled":true,"_links":{"self":[{"href":"https:\/\/zonaroja.com.mx\/index.php?rest_route=\/wp\/v2\/posts\/87016","targetHints":{"allow":["GET"]}}],"collection":[{"href":"https:\/\/zonaroja.com.mx\/index.php?rest_route=\/wp\/v2\/posts"}],"about":[{"href":"https:\/\/zonaroja.com.mx\/index.php?rest_route=\/wp\/v2\/types\/post"}],"author":[{"embeddable":true,"href":"https:\/\/zonaroja.com.mx\/index.php?rest_route=\/wp\/v2\/users\/2"}],"replies":[{"embeddable":true,"href":"https:\/\/zonaroja.com.mx\/index.php?rest_route=%2Fwp%2Fv2%2Fcomments&post=87016"}],"version-history":[{"count":1,"href":"https:\/\/zonaroja.com.mx\/index.php?rest_route=\/wp\/v2\/posts\/87016\/revisions"}],"predecessor-version":[{"id":87018,"href":"https:\/\/zonaroja.com.mx\/index.php?rest_route=\/wp\/v2\/posts\/87016\/revisions\/87018"}],"wp:featuredmedia":[{"embeddable":true,"href":"https:\/\/zonaroja.com.mx\/index.php?rest_route=\/wp\/v2\/media\/87017"}],"wp:attachment":[{"href":"https:\/\/zonaroja.com.mx\/index.php?rest_route=%2Fwp%2Fv2%2Fmedia&parent=87016"}],"wp:term":[{"taxonomy":"category","embeddable":true,"href":"https:\/\/zonaroja.com.mx\/index.php?rest_route=%2Fwp%2Fv2%2Fcategories&post=87016"},{"taxonomy":"post_tag","embeddable":true,"href":"https:\/\/zonaroja.com.mx\/index.php?rest_route=%2Fwp%2Fv2%2Ftags&post=87016"}],"curies":[{"name":"wp","href":"https:\/\/api.w.org\/{rel}","templated":true}]}}