{"id":87019,"date":"2025-11-17T19:00:00","date_gmt":"2025-11-18T01:00:00","guid":{"rendered":"https:\/\/zonaroja.com.mx\/?p=87019"},"modified":"2025-11-17T17:40:15","modified_gmt":"2025-11-17T23:40:15","slug":"pasatono-orquesta-e-idiotas-teatro-alistan-el-estreno-de-arca-en-oaxaca","status":"publish","type":"post","link":"https:\/\/zonaroja.com.mx\/?p=87019","title":{"rendered":"Pasatono Orquesta e Idiotas Teatro alistan el estreno de \u201cArca\u201d en Oaxaca"},"content":{"rendered":"\n<p>Lisbeth Mej\u00eda Reyes\/Zona Roja.<\/p>\n\n\n\n<p>Oaxaca, Oax., a 17 de noviembre de 2025.- La compa\u00f1\u00eda Idiotas Teatro y la agrupaci\u00f3n Pasatono Orquesta estrenar\u00e1n este 19 de noviembre \u00abArca\u00bb, un espect\u00e1culo callejero que tendr\u00e1 como sede de su temporada el jard\u00edn \u201cEl Pa\u00f1uelito\u201d, en la ciudad de Oaxaca.<\/p>\n\n\n\n<p>Esta es la nueva colaboraci\u00f3n entre ambas iniciativas culturales, con la cual buscan transformar el espacio p\u00fablico \u00aben un territorio de encuentro art\u00edstico, po\u00e9tico y comunitario\u00bb. Antes, la compa\u00f1era teatral present\u00f3 \u00abA golpe de calcet\u00edn\u00bb y en \u00abMaroma\u00bb (esta \u00faltima con Pasatono Orquesta).<\/p>\n\n\n\n<p>La obra \u00abArca\u00bb se presentar\u00e1 en una primera temporada del 19 al 24 de noviembre, a las 18:00 horas, y posteriormente del 11 al 16 de diciembre, en el mismo lugar y a la misma hora.<\/p>\n\n\n\n<p>Los ensayos de la obra comenzaron el domingo y han continuado este lunes en el jard\u00edn \u201cEl Pa\u00f1uelito\u201d y sus alrededores, lo que ha causado la sorpresa de visitantes y locales.<\/p>\n\n\n\n<p>Con dramaturgia de Fernando Reyes Reyes y direcci\u00f3n esc\u00e9nica de Fernando Reyes Reyes y Cristian David, \u00abArca\u00bb es una obra que se inspir\u00f3 en la chicharra, un \u00abinsecto profundamente valorado en la\u00a0cosmovisi\u00f3n mixteca, cuyo canto anuncia la lluvia, la fertilidad y los ciclos de la\u00a0vida\u00bb.\u00a0<\/p>\n\n\n\n<p>Tambi\u00e9n retoma la tradici\u00f3n de las calendas de Oaxaca, un recorrido de celebraci\u00f3n que se suele hacer en los festejos a una imagen religiosa.<\/p>\n\n\n\n<p>Para esta obra, la compa\u00f1\u00eda Idiotas Teatro cuenta con la m\u00fasica en vivo a cargo de Pasatono Orquesta, agrupaci\u00f3n que interpretar\u00e1 composiciones originales del m\u00fasico y director Rub\u00e9n Luengas.<\/p>\n\n\n\n<p>\u00abArca\u00bb, dice la compa\u00f1\u00eda, \u00abes un viaje compartido: un canto de chicharra convertido en escenario rodante que invita a mirar la ciudad \u2014y a quienes la habitan\u2014 con nuevos ojos\u00bb.<\/p>\n\n\n\n<p>Fernando Reyes, autor del guion, ha se\u00f1alado que para esta obra tambi\u00e9n se basaron en la capacidad teatral que tiene el estado de Oaxaca a trav\u00e9s de este arte y de otras manifestaciones que se vinculan con \u00e9l.<\/p>\n\n\n\n<p>\u00abCreemos que Oaxaca tiene un car\u00e1cter de teatralidad en la calle muy fuerte. Todas las manifestaciones o gran parte, desde las procesiones hasta las calendas representan ese abanico de manifestaciones que est\u00e1n en la calle y que tienen un car\u00e1cter muy arraigado en el estado\u00bb, expres\u00f3 Reyes durante la conferencia de prensa de la obra durante el mes de octubre.<\/p>\n\n\n\n<p>Idiotas Teatro detall\u00f3 que \u00abArca\u00bb es el resultado de un laboratorio de creaci\u00f3n con alcance nacional, nutrido por la mirada del artista catal\u00e1n Jordi Dur\u00e1n, referente del&nbsp;teatro de calle en Europa, y de la dise\u00f1adora y productora chilena Katiuska Valenzuela, quienes han acompa\u00f1ado el proceso de investigaci\u00f3n y montaje.&nbsp;<\/p>\n\n\n\n<p>Adem\u00e1s de Pasatono Orquesta, en la obra participan con la creaci\u00f3n esc\u00e9nica Edgar Mora; el dise\u00f1o del vestuario est\u00e1 a cargo de Azucena Galicia y la identidad gr\u00e1fica fue creada por Alejandro Magallanes.<\/p>\n","protected":false},"excerpt":{"rendered":"<p>Lisbeth Mej\u00eda Reyes\/Zona Roja. Oaxaca, Oax., a 17 de noviembre de 2025.- La compa\u00f1\u00eda Idiotas&hellip;<\/p>\n","protected":false},"author":2,"featured_media":87020,"comment_status":"closed","ping_status":"open","sticky":false,"template":"","format":"standard","meta":{"_lmt_disableupdate":"","_lmt_disable":"","_jetpack_memberships_contains_paid_content":false,"footnotes":""},"categories":[109,46],"tags":[4345,678],"class_list":["post-87019","post","type-post","status-publish","format-standard","has-post-thumbnail","hentry","category-minuto-a-minuto","category-zona-blanca","tag-idiotas-teatro","tag-pasatono"],"jetpack_featured_media_url":"https:\/\/zonaroja.com.mx\/wp-content\/uploads\/2025\/11\/Ensayo-Pasatono-e-Idiotas-Teatro.jpg","jetpack_sharing_enabled":true,"_links":{"self":[{"href":"https:\/\/zonaroja.com.mx\/index.php?rest_route=\/wp\/v2\/posts\/87019","targetHints":{"allow":["GET"]}}],"collection":[{"href":"https:\/\/zonaroja.com.mx\/index.php?rest_route=\/wp\/v2\/posts"}],"about":[{"href":"https:\/\/zonaroja.com.mx\/index.php?rest_route=\/wp\/v2\/types\/post"}],"author":[{"embeddable":true,"href":"https:\/\/zonaroja.com.mx\/index.php?rest_route=\/wp\/v2\/users\/2"}],"replies":[{"embeddable":true,"href":"https:\/\/zonaroja.com.mx\/index.php?rest_route=%2Fwp%2Fv2%2Fcomments&post=87019"}],"version-history":[{"count":1,"href":"https:\/\/zonaroja.com.mx\/index.php?rest_route=\/wp\/v2\/posts\/87019\/revisions"}],"predecessor-version":[{"id":87021,"href":"https:\/\/zonaroja.com.mx\/index.php?rest_route=\/wp\/v2\/posts\/87019\/revisions\/87021"}],"wp:featuredmedia":[{"embeddable":true,"href":"https:\/\/zonaroja.com.mx\/index.php?rest_route=\/wp\/v2\/media\/87020"}],"wp:attachment":[{"href":"https:\/\/zonaroja.com.mx\/index.php?rest_route=%2Fwp%2Fv2%2Fmedia&parent=87019"}],"wp:term":[{"taxonomy":"category","embeddable":true,"href":"https:\/\/zonaroja.com.mx\/index.php?rest_route=%2Fwp%2Fv2%2Fcategories&post=87019"},{"taxonomy":"post_tag","embeddable":true,"href":"https:\/\/zonaroja.com.mx\/index.php?rest_route=%2Fwp%2Fv2%2Ftags&post=87019"}],"curies":[{"name":"wp","href":"https:\/\/api.w.org\/{rel}","templated":true}]}}