{"id":8702,"date":"2020-02-12T22:14:02","date_gmt":"2020-02-13T04:14:02","guid":{"rendered":"http:\/\/www.zonaroja.com.mx\/?p=8702"},"modified":"2020-02-12T22:14:05","modified_gmt":"2020-02-13T04:14:05","slug":"otro-reves-a-la-fiscalia-general-juez-libera-a-detenido-en-istmo-por-inconsistencias","status":"publish","type":"post","link":"https:\/\/zonaroja.com.mx\/?p=8702","title":{"rendered":"Otro rev\u00e9s a la Fiscal\u00eda General: juez libera a detenido en Istmo por inconsistencias"},"content":{"rendered":"\n<p>Redacci\u00f3n\/Zona\nRoja.<\/p>\n\n\n\n<p>Oaxaca de\nJu\u00e1rez, Oax., 12 de febrero de 2020.- Debido a inconsistencias en las pruebas\nque present\u00f3 la Fiscal\u00eda General del Estado de Oaxaca, un juez de control\norden\u00f3 la liberaci\u00f3n de V\u00edctor Manuel Ram\u00edrez Jim\u00e9nez, detenido la semana\npasada, acusado del delito de homicidio.<\/p>\n\n\n\n<p>Alrededor del mediod\u00eda, el militante del Frente Unido de Comunidades Oaxaque\u00f1as (FUCO) &#8211;con presencia en la regi\u00f3n del Istmo&#8211; fue puesto en libertad, tras lo cual lament\u00f3 las acusaciones sin fundamentos que le realiz\u00f3 la instancia de procuraci\u00f3n de justicia que encabeza Rub\u00e9n Vasconcelos M\u00e9ndez.<\/p>\n\n\n\n<p>El pasado 5\nde febrero, Ram\u00edrez Jim\u00e9nez hab\u00eda sido aprehendido en el Istmo, con base en las\nacusaciones asentadas en la causa penal 151\/2019, por el delito de homicidio\ndurante hechos violentos ocurridos el 27 de febrero de 2019.<\/p>\n\n\n\n<p>Lo anterior\ngener\u00f3 reclamos y denuncias p\u00fablicas por parte de la dirigencia del FUCO, que\nencabeza el edil de San Blas Atempa, Antonino Morales, as\u00ed como varios\npresidentes municipales, adem\u00e1s del senador por Morena, Salom\u00f3n Jara Cruz.<\/p>\n\n\n\n<p>Al no sustentar\nlos fiscales los se\u00f1alamientos, el se\u00f1alado fue exculpado y puesto en libertad\nalrededor del mediod\u00eda, de la Penitenciar\u00eda Central, ubicada en Santa Mar\u00eda\nIxcotel.<\/p>\n","protected":false},"excerpt":{"rendered":"<p>Redacci\u00f3n\/Zona Roja. Oaxaca de Ju\u00e1rez, Oax., 12 de febrero de 2020.- Debido a inconsistencias en&hellip;<\/p>\n","protected":false},"author":2,"featured_media":8703,"comment_status":"closed","ping_status":"open","sticky":false,"template":"","format":"standard","meta":{"_lmt_disableupdate":"","_lmt_disable":"","_jetpack_memberships_contains_paid_content":false,"footnotes":""},"categories":[109,47],"tags":[494,1366],"class_list":["post-8702","post","type-post","status-publish","format-standard","has-post-thumbnail","hentry","category-minuto-a-minuto","category-zona-gris","tag-fiscalia-general-del-estado-de-oaxaca","tag-victor-manuel-ramirez-jimenez"],"jetpack_featured_media_url":"https:\/\/zonaroja.com.mx\/wp-content\/uploads\/2020\/02\/Liberado-Tehuantepec.jpg","jetpack_sharing_enabled":true,"_links":{"self":[{"href":"https:\/\/zonaroja.com.mx\/index.php?rest_route=\/wp\/v2\/posts\/8702","targetHints":{"allow":["GET"]}}],"collection":[{"href":"https:\/\/zonaroja.com.mx\/index.php?rest_route=\/wp\/v2\/posts"}],"about":[{"href":"https:\/\/zonaroja.com.mx\/index.php?rest_route=\/wp\/v2\/types\/post"}],"author":[{"embeddable":true,"href":"https:\/\/zonaroja.com.mx\/index.php?rest_route=\/wp\/v2\/users\/2"}],"replies":[{"embeddable":true,"href":"https:\/\/zonaroja.com.mx\/index.php?rest_route=%2Fwp%2Fv2%2Fcomments&post=8702"}],"version-history":[{"count":1,"href":"https:\/\/zonaroja.com.mx\/index.php?rest_route=\/wp\/v2\/posts\/8702\/revisions"}],"predecessor-version":[{"id":8704,"href":"https:\/\/zonaroja.com.mx\/index.php?rest_route=\/wp\/v2\/posts\/8702\/revisions\/8704"}],"wp:featuredmedia":[{"embeddable":true,"href":"https:\/\/zonaroja.com.mx\/index.php?rest_route=\/wp\/v2\/media\/8703"}],"wp:attachment":[{"href":"https:\/\/zonaroja.com.mx\/index.php?rest_route=%2Fwp%2Fv2%2Fmedia&parent=8702"}],"wp:term":[{"taxonomy":"category","embeddable":true,"href":"https:\/\/zonaroja.com.mx\/index.php?rest_route=%2Fwp%2Fv2%2Fcategories&post=8702"},{"taxonomy":"post_tag","embeddable":true,"href":"https:\/\/zonaroja.com.mx\/index.php?rest_route=%2Fwp%2Fv2%2Ftags&post=8702"}],"curies":[{"name":"wp","href":"https:\/\/api.w.org\/{rel}","templated":true}]}}