{"id":87022,"date":"2025-11-18T07:15:00","date_gmt":"2025-11-18T13:15:00","guid":{"rendered":"https:\/\/zonaroja.com.mx\/?p=87022"},"modified":"2025-11-18T06:44:59","modified_gmt":"2025-11-18T12:44:59","slug":"otra-vez-ocotlan-balean-a-individuo-y-luego-lo-rematan-en-ambulancia","status":"publish","type":"post","link":"https:\/\/zonaroja.com.mx\/?p=87022","title":{"rendered":"Otra vez Ocotl\u00e1n: balean a individuo y luego lo rematan en ambulancia"},"content":{"rendered":"\n<p>Ismael Garc\u00eda M.\/Zona Roja.<\/p>\n\n\n\n<p>Oaxaca, Oax., a 18 de noviembre de 2025.- En un segundo ataque armado, una persona del sexo masculino fue herida de bala en el centro de Ocotl\u00e1n de Morelos y rematado en una ambulancia que lo trasladaba a un hospital de la ciudad de Oaxaca.<\/p>\n\n\n\n<p>Los hechos sucedieron anoche en la calle Morelos de dicho municipio de la regi\u00f3n Valles Centrales, cerca del parque y del palacio municipal, en que sujetos armados, al parecer en motocicleta, dispararon en contra de un individuo.<\/p>\n\n\n\n<p>Tras ello se escondieron en un lugar cercano, mientras param\u00e9dicos del ayuntamiento daban atenci\u00f3n al baleado y lo trasladaban a bordo de la ambulancia a un hospital de la ciudad de Oaxaca.<\/p>\n\n\n\n<p>Sin embargo, al notar que hab\u00edan fallado, los presuntos sicarios persiguieron a la unidad de motor; le dieron alcance a la altura de la comunidad de San Juan Chilateca.<\/p>\n\n\n\n<p>Ah\u00ed pararon uno de ellos amag\u00f3 al chofer y par\u00f3 la ambulancia, mientras otro remataba a balazos al sujeto, identificado de manera preliminar como Alfredo \u201cN\u201d, hasta privarlo de la vida, tras lo cual huyeron.<\/p>\n\n\n\n<p>Por la ma\u00f1ana, tambi\u00e9n sujetos armados atacaron a los ocupantes de un veh\u00edculo marca Mazda, cuando transitaba de Ocotl\u00e1n de Morelos a la comunidad de Santa Catarina Minas.<\/p>\n\n\n\n<p>En el sitio perdi\u00f3 la vida un individuo, identificado como Jos\u00e9 ,L. A. mientras que una mujer, Vanesa \u201cN\u201d, result\u00f3 herida de gravedad y trasladada a un hospital de la zona metropolitana de la capital de Oaxaca.<\/p>\n\n\n\n<p>Ambos casos son investigados por el \u00e1rea de alto impacto de la Fiscal\u00eda General del Estado de Oaxaca.<\/p>\n","protected":false},"excerpt":{"rendered":"<p>Ismael Garc\u00eda M.\/Zona Roja. Oaxaca, Oax., a 18 de noviembre de 2025.- En un segundo&hellip;<\/p>\n","protected":false},"author":2,"featured_media":87024,"comment_status":"closed","ping_status":"open","sticky":false,"template":"","format":"standard","meta":{"_lmt_disableupdate":"","_lmt_disable":"","_jetpack_memberships_contains_paid_content":false,"footnotes":""},"categories":[109,51],"tags":[835],"class_list":["post-87022","post","type-post","status-publish","format-standard","has-post-thumbnail","hentry","category-minuto-a-minuto","category-zona-roja","tag-ocotlan-de-morelos"],"jetpack_featured_media_url":"https:\/\/zonaroja.com.mx\/wp-content\/uploads\/2025\/11\/Ejecutado-en-ambulancia-Chilateca-Ocotlan.jpg","jetpack_sharing_enabled":true,"_links":{"self":[{"href":"https:\/\/zonaroja.com.mx\/index.php?rest_route=\/wp\/v2\/posts\/87022","targetHints":{"allow":["GET"]}}],"collection":[{"href":"https:\/\/zonaroja.com.mx\/index.php?rest_route=\/wp\/v2\/posts"}],"about":[{"href":"https:\/\/zonaroja.com.mx\/index.php?rest_route=\/wp\/v2\/types\/post"}],"author":[{"embeddable":true,"href":"https:\/\/zonaroja.com.mx\/index.php?rest_route=\/wp\/v2\/users\/2"}],"replies":[{"embeddable":true,"href":"https:\/\/zonaroja.com.mx\/index.php?rest_route=%2Fwp%2Fv2%2Fcomments&post=87022"}],"version-history":[{"count":1,"href":"https:\/\/zonaroja.com.mx\/index.php?rest_route=\/wp\/v2\/posts\/87022\/revisions"}],"predecessor-version":[{"id":87025,"href":"https:\/\/zonaroja.com.mx\/index.php?rest_route=\/wp\/v2\/posts\/87022\/revisions\/87025"}],"wp:featuredmedia":[{"embeddable":true,"href":"https:\/\/zonaroja.com.mx\/index.php?rest_route=\/wp\/v2\/media\/87024"}],"wp:attachment":[{"href":"https:\/\/zonaroja.com.mx\/index.php?rest_route=%2Fwp%2Fv2%2Fmedia&parent=87022"}],"wp:term":[{"taxonomy":"category","embeddable":true,"href":"https:\/\/zonaroja.com.mx\/index.php?rest_route=%2Fwp%2Fv2%2Fcategories&post=87022"},{"taxonomy":"post_tag","embeddable":true,"href":"https:\/\/zonaroja.com.mx\/index.php?rest_route=%2Fwp%2Fv2%2Ftags&post=87022"}],"curies":[{"name":"wp","href":"https:\/\/api.w.org\/{rel}","templated":true}]}}