{"id":87026,"date":"2025-11-18T08:15:00","date_gmt":"2025-11-18T14:15:00","guid":{"rendered":"https:\/\/zonaroja.com.mx\/?p=87026"},"modified":"2025-11-18T07:07:48","modified_gmt":"2025-11-18T13:07:48","slug":"escala-crisis-en-supercarretera-a-puerto-escondido-por-accidentes-bloqueos-y-deslaves","status":"publish","type":"post","link":"https:\/\/zonaroja.com.mx\/?p=87026","title":{"rendered":"Escala crisis en supercarretera a Puerto Escondido, por accidentes, bloqueos y deslaves"},"content":{"rendered":"\n<p>Raymundo Morales\/Zona Roja.<\/p>\n\n\n\n<p>Oaxaca, Oax., a 18 de noviembre de 2025.- La supercarretera Oaxaca-Puerto Escondido, en su tramo Barranca Larga-Ventanilla, estuvo cerrada pr\u00e1cticamente todo el d\u00eda, por un accidente vial, por bloqueo de pobladores y por diversos deslaves.<\/p>\n\n\n\n<p>Desde que fue inaugurada inconclusa, en febrero del a\u00f1o pasado, por el Presidente Andr\u00e9s Manuel L\u00f3pez Obrador, contin\u00faan deslaves en al menos cinco puntos de dicha v\u00eda supuestamente r\u00e1pida.<\/p>\n\n\n\n<p>En una de ellas, a la altura del kil\u00f3metro 71, se registr\u00f3 ayer por la ma\u00f1ana un accidente entre un autob\u00fas de la l\u00ednea ADO con un tr\u00e1iler cargado de cemento, lo que dej\u00f3 como saldo tres personas fallecidas y al menos 10 lesionadas.<\/p>\n\n\n\n<p>Por dicho percance estuvo cerrada por varias dicha vialidad, mientras corporaciones de socorro brindaban atenci\u00f3n m\u00e9dica y gr\u00faas efectuaban el rescate de las unidades de motor.<\/p>\n\n\n\n<p>Por la tarde, un grupo de pobladores se apoder\u00f3 de la caseta de peaje de Barranca Larga, para impedir el tr\u00e1nsito de veh\u00edculos en ambos sentidos de circulaci\u00f3n.<\/p>\n\n\n\n<p>Se trata de habitantes de la localidad de San Sebasti\u00e1n Coatl\u00e1n, quienes presuntamente se opon\u00edan al retiro de escombros en la zona de deslave donde ocurri\u00f3 el accidente y adem\u00e1s exig\u00edan a Caminos y Puentes Federales (Capufe), as\u00ed como al gobierno federal cumplimiento a diversas demandas pendientes.<\/p>\n\n\n\n<p>Fue hasta la noche en que liberaron el paso vehicular, sin que hubiera respuesta oficial por parte de las autoridades estatales o federales.<\/p>\n\n\n\n<p>De manera frecuente han ocurrido diversos percances en esa supercarretera, por m\u00faltiples montones de tierra.<\/p>\n\n\n\n<p>Apenas a inicios de este mes ocurri\u00f3 otro percance, con saldo de una persona fallecida y unas seis lesionadas, en que personal de Capufe impidi\u00f3 el paso de una unidad del Heroico Cuerpo de Bomberos si no pagaba el peaje correspondiente.<\/p>\n\n\n\n<p>Tras ello, el organismo estatal y el federal acordaron que no se les cobrar\u00eda la cuota cuando fueran a atender alguna emergencia.<\/p>\n","protected":false},"excerpt":{"rendered":"<p>Raymundo Morales\/Zona Roja. Oaxaca, Oax., a 18 de noviembre de 2025.- La supercarretera Oaxaca-Puerto Escondido,&hellip;<\/p>\n","protected":false},"author":2,"featured_media":87027,"comment_status":"closed","ping_status":"open","sticky":false,"template":"","format":"standard","meta":{"_lmt_disableupdate":"","_lmt_disable":"","_jetpack_memberships_contains_paid_content":false,"footnotes":""},"categories":[109,47],"tags":[3639],"class_list":["post-87026","post","type-post","status-publish","format-standard","has-post-thumbnail","hentry","category-minuto-a-minuto","category-zona-gris","tag-supercarretera-oaxaca-costa"],"jetpack_featured_media_url":"https:\/\/zonaroja.com.mx\/wp-content\/uploads\/2025\/11\/bloqueo-y-accidente-supercarretera-Oaxaca-Puerto-Escondido.jpg","jetpack_sharing_enabled":true,"_links":{"self":[{"href":"https:\/\/zonaroja.com.mx\/index.php?rest_route=\/wp\/v2\/posts\/87026","targetHints":{"allow":["GET"]}}],"collection":[{"href":"https:\/\/zonaroja.com.mx\/index.php?rest_route=\/wp\/v2\/posts"}],"about":[{"href":"https:\/\/zonaroja.com.mx\/index.php?rest_route=\/wp\/v2\/types\/post"}],"author":[{"embeddable":true,"href":"https:\/\/zonaroja.com.mx\/index.php?rest_route=\/wp\/v2\/users\/2"}],"replies":[{"embeddable":true,"href":"https:\/\/zonaroja.com.mx\/index.php?rest_route=%2Fwp%2Fv2%2Fcomments&post=87026"}],"version-history":[{"count":1,"href":"https:\/\/zonaroja.com.mx\/index.php?rest_route=\/wp\/v2\/posts\/87026\/revisions"}],"predecessor-version":[{"id":87028,"href":"https:\/\/zonaroja.com.mx\/index.php?rest_route=\/wp\/v2\/posts\/87026\/revisions\/87028"}],"wp:featuredmedia":[{"embeddable":true,"href":"https:\/\/zonaroja.com.mx\/index.php?rest_route=\/wp\/v2\/media\/87027"}],"wp:attachment":[{"href":"https:\/\/zonaroja.com.mx\/index.php?rest_route=%2Fwp%2Fv2%2Fmedia&parent=87026"}],"wp:term":[{"taxonomy":"category","embeddable":true,"href":"https:\/\/zonaroja.com.mx\/index.php?rest_route=%2Fwp%2Fv2%2Fcategories&post=87026"},{"taxonomy":"post_tag","embeddable":true,"href":"https:\/\/zonaroja.com.mx\/index.php?rest_route=%2Fwp%2Fv2%2Ftags&post=87026"}],"curies":[{"name":"wp","href":"https:\/\/api.w.org\/{rel}","templated":true}]}}