{"id":87034,"date":"2025-11-18T11:21:00","date_gmt":"2025-11-18T17:21:00","guid":{"rendered":"https:\/\/zonaroja.com.mx\/?p=87034"},"modified":"2025-11-18T07:22:48","modified_gmt":"2025-11-18T13:22:48","slug":"aprueban-en-comision-del-senado-ley-contra-discriminacion-exclusion-y-xenofobia","status":"publish","type":"post","link":"https:\/\/zonaroja.com.mx\/?p=87034","title":{"rendered":"Aprueban en comisi\u00f3n del Senado ley contra discriminaci\u00f3n, exclusi\u00f3n y xenofobia"},"content":{"rendered":"\n<p>Redacci\u00f3n\/Zona Roja Cdmx.<\/p>\n\n\n\n<p>Ciudad de M\u00e9xico, a 18 de noviembre de 2025.- En el marco de la s\u00e9ptima reuni\u00f3n ordinaria de la Comisi\u00f3n de Asuntos de la Frontera Sur del Senado, el legislador por Morena, Antonino Morales Toledo, inform\u00f3 la aprobaci\u00f3n de un dictamen encaminado a fortalecer la protecci\u00f3n de los derechos humanos de las personas en situaci\u00f3n de movilidad.<\/p>\n\n\n\n<p>\u201cEn el Senado protegemos y defendemos los derechos humanos de las personas en movilidad. Seguimos comprometidos con garantizar la protecci\u00f3n, el respeto y la dignidad de quienes m\u00e1s lo necesitan\u201d, destac\u00f3 el senador oaxaque\u00f1o.<\/p>\n\n\n\n<p>Durante la sesi\u00f3n, las Comisiones Unidas de Gobernaci\u00f3n; de Estudios Legislativos, Primera; y de Asuntos de la Frontera Sur analizaron, discutieron y avalaron el dictamen relativo a la Iniciativa con Proyecto de Decreto que propone adicionar la fracci\u00f3n XXXIII Bis al art\u00edculo 9 de la Ley Federal para Prevenir y Eliminar la Discriminaci\u00f3n.<\/p>\n\n\n\n<p>La reforma propone que la ley reconozca como discriminaci\u00f3n cualquier acto de exclusi\u00f3n, violencia o xenofobia contra personas en situaci\u00f3n de movilidad humana, independientemente de su nacionalidad o situaci\u00f3n migratoria.&nbsp;<\/p>\n\n\n\n<p>Esta medida busca fortalecer el marco legal para garantizar un trato digno y respetuoso a quienes transitan o buscan establecerse en territorio mexicano.<\/p>\n","protected":false},"excerpt":{"rendered":"<p>Redacci\u00f3n\/Zona Roja Cdmx. Ciudad de M\u00e9xico, a 18 de noviembre de 2025.- En el marco&hellip;<\/p>\n","protected":false},"author":2,"featured_media":87023,"comment_status":"closed","ping_status":"open","sticky":false,"template":"","format":"standard","meta":{"_lmt_disableupdate":"","_lmt_disable":"","_jetpack_memberships_contains_paid_content":false,"footnotes":""},"categories":[109,46],"tags":[180],"class_list":["post-87034","post","type-post","status-publish","format-standard","has-post-thumbnail","hentry","category-minuto-a-minuto","category-zona-blanca","tag-antonino-morales-toledo"],"jetpack_featured_media_url":"https:\/\/zonaroja.com.mx\/wp-content\/uploads\/2025\/11\/Senador-Antonino-Morales.jpg","jetpack_sharing_enabled":true,"_links":{"self":[{"href":"https:\/\/zonaroja.com.mx\/index.php?rest_route=\/wp\/v2\/posts\/87034","targetHints":{"allow":["GET"]}}],"collection":[{"href":"https:\/\/zonaroja.com.mx\/index.php?rest_route=\/wp\/v2\/posts"}],"about":[{"href":"https:\/\/zonaroja.com.mx\/index.php?rest_route=\/wp\/v2\/types\/post"}],"author":[{"embeddable":true,"href":"https:\/\/zonaroja.com.mx\/index.php?rest_route=\/wp\/v2\/users\/2"}],"replies":[{"embeddable":true,"href":"https:\/\/zonaroja.com.mx\/index.php?rest_route=%2Fwp%2Fv2%2Fcomments&post=87034"}],"version-history":[{"count":1,"href":"https:\/\/zonaroja.com.mx\/index.php?rest_route=\/wp\/v2\/posts\/87034\/revisions"}],"predecessor-version":[{"id":87035,"href":"https:\/\/zonaroja.com.mx\/index.php?rest_route=\/wp\/v2\/posts\/87034\/revisions\/87035"}],"wp:featuredmedia":[{"embeddable":true,"href":"https:\/\/zonaroja.com.mx\/index.php?rest_route=\/wp\/v2\/media\/87023"}],"wp:attachment":[{"href":"https:\/\/zonaroja.com.mx\/index.php?rest_route=%2Fwp%2Fv2%2Fmedia&parent=87034"}],"wp:term":[{"taxonomy":"category","embeddable":true,"href":"https:\/\/zonaroja.com.mx\/index.php?rest_route=%2Fwp%2Fv2%2Fcategories&post=87034"},{"taxonomy":"post_tag","embeddable":true,"href":"https:\/\/zonaroja.com.mx\/index.php?rest_route=%2Fwp%2Fv2%2Ftags&post=87034"}],"curies":[{"name":"wp","href":"https:\/\/api.w.org\/{rel}","templated":true}]}}