{"id":87036,"date":"2025-11-18T12:22:00","date_gmt":"2025-11-18T18:22:00","guid":{"rendered":"https:\/\/zonaroja.com.mx\/?p=87036"},"modified":"2025-11-18T07:25:44","modified_gmt":"2025-11-18T13:25:44","slug":"preparan-colectivos-marcha-para-exigir-justicia-y-alto-a-violencia-contra-mujeres","status":"publish","type":"post","link":"https:\/\/zonaroja.com.mx\/?p=87036","title":{"rendered":"Preparan colectivos marcha para exigir justicia y alto a violencia contra\u00a0mujeres"},"content":{"rendered":"\n<p>Lisbeth Mej\u00eda Reyes\/Zona Roja.<\/p>\n\n\n\n<p>Oaxaca, Oax., a 18 de noviembre de 2025.- Al denunciar la incapacidad e indiferencia de las autoridades ante los feminicidios, desapariciones y agresiones, un grupo de organizaciones, colectivas y defensoras de derechos humanos han convocado a una marcha en la capital oaxaque\u00f1a para exigir justicia y alto a las violencias en contra de las mujeres.<\/p>\n\n\n\n<p>La marcha transincluyente ser\u00e1 el 25 de noviembre, D\u00eda Internacional de la Eliminaci\u00f3n de la Violencia contra la Mujer, a las 16:00 horas, y partir\u00e1 de la fuente de las Ocho Regiones, donde se ubica la Antimonumenta.<\/p>\n\n\n\n<p>Aunque por ahora no se ha detallado el destino de la movilizaci\u00f3n, se espera que sea en el centro de la ciudad de Oaxaca.<\/p>\n\n\n\n<p>La movilizaci\u00f3n es convocada a trav\u00e9s de la red Mujeres Oaxaque\u00f1as Tejiendo Comunidad, que agrupa a organizaciones de la sociedad como Consorcio para el Di\u00e1logo Parlamentario y la Equidad Oaxaca, el Grupo de Estudios sobre la Mujer Rosario Castellanos (GES Mujer), Servicios para una Educaci\u00f3n Alternativa A. C. (Educa), entre otras conformadas por mujeres o mixtas.<\/p>\n\n\n\n<p>\u00abNos convocamos mujeres diversas, &nbsp;colectivas, organizaciones, defensoras y activistas a tomar las calles, este 25 de noviembre, D\u00eda Internacional para la Eliminaci\u00f3n de la Violencia contra las Mujeres porque en Oaxaca la primavera de Salom\u00f3n Jara sigue sin llegar a las ni\u00f1as, mujeres y personas trans que cada d\u00eda est\u00e1n en riesgo, quedando evidenciada la incapacidad e indiferencia ante los feminicidios, desapariciones y agresiones\u00bb, expres\u00f3 la red en su convocatoria.<\/p>\n\n\n\n<p>La exigencia de la red es el alto a la violencia feminicida que en lo que va de la administraci\u00f3n del gobernador Salom\u00f3n Jara ha acabado con la vida de 291 mujeres, de acuerdo con el registro de la organizaci\u00f3n Consorcio (del 1 de diciembre de 2022 hasta el 14 de noviembre de 2025).<\/p>\n\n\n\n<p>Tambi\u00e9n es para exigir un alto a la impunidad, a la indiferencia estatal y a la simulaci\u00f3n.<\/p>\n\n\n\n<p>\u00abEl reciente feminicidio infantil y triple homicidio ocurrido en Juchit\u00e1n de Zaragoza evidencia, una vez m\u00e1s, la urgencia de garantizar la vida y la seguridad de mujeres y ni\u00f1as en Oaxaca. La violencia extrema que arrebat\u00f3 la vida de Noelia de 4 a\u00f1os y de su madre no puede quedar en la impunidad\u00bb, expres\u00f3 recientemente la organizaci\u00f3n Consorcio, al exigir jsticia inmediata en este caso y para las otras 290 mujeres v\u00edctimas de feminicidio registradas en el estado durante el actual sexenio.<\/p>\n\n\n\n<p>A este llamado se han sumado GES Mujer, asociaci\u00f3n civil que tambi\u00e9n ha exigido protocolos especializados en la investigaci\u00f3n del delito de feminicidio y con un apartado especial para las ni\u00f1as y adolescentes v\u00edctimas de este delito.<\/p>\n\n\n\n<p>Adem\u00e1s de los feminicidios y homicidios dolosos, en la actual administraci\u00f3n tambi\u00e9n se han reportado al menos 352 delitos sexuales en contra de las mujeres, de acuerdo con el contador de la violencia feminicida de la organizaci\u00f3n Consorcio.<\/p>\n","protected":false},"excerpt":{"rendered":"<p>Lisbeth Mej\u00eda Reyes\/Zona Roja. Oaxaca, Oax., a 18 de noviembre de 2025.- Al denunciar la&hellip;<\/p>\n","protected":false},"author":2,"featured_media":68048,"comment_status":"closed","ping_status":"open","sticky":false,"template":"","format":"standard","meta":{"_lmt_disableupdate":"","_lmt_disable":"","_jetpack_memberships_contains_paid_content":false,"footnotes":""},"categories":[109,47],"tags":[610],"class_list":["post-87036","post","type-post","status-publish","format-standard","has-post-thumbnail","hentry","category-minuto-a-minuto","category-zona-gris","tag-feminicidios-oaxaca"],"jetpack_featured_media_url":"https:\/\/zonaroja.com.mx\/wp-content\/uploads\/2024\/05\/Feminicidio-monumento-antimonumenta.jpg","jetpack_sharing_enabled":true,"_links":{"self":[{"href":"https:\/\/zonaroja.com.mx\/index.php?rest_route=\/wp\/v2\/posts\/87036","targetHints":{"allow":["GET"]}}],"collection":[{"href":"https:\/\/zonaroja.com.mx\/index.php?rest_route=\/wp\/v2\/posts"}],"about":[{"href":"https:\/\/zonaroja.com.mx\/index.php?rest_route=\/wp\/v2\/types\/post"}],"author":[{"embeddable":true,"href":"https:\/\/zonaroja.com.mx\/index.php?rest_route=\/wp\/v2\/users\/2"}],"replies":[{"embeddable":true,"href":"https:\/\/zonaroja.com.mx\/index.php?rest_route=%2Fwp%2Fv2%2Fcomments&post=87036"}],"version-history":[{"count":1,"href":"https:\/\/zonaroja.com.mx\/index.php?rest_route=\/wp\/v2\/posts\/87036\/revisions"}],"predecessor-version":[{"id":87037,"href":"https:\/\/zonaroja.com.mx\/index.php?rest_route=\/wp\/v2\/posts\/87036\/revisions\/87037"}],"wp:featuredmedia":[{"embeddable":true,"href":"https:\/\/zonaroja.com.mx\/index.php?rest_route=\/wp\/v2\/media\/68048"}],"wp:attachment":[{"href":"https:\/\/zonaroja.com.mx\/index.php?rest_route=%2Fwp%2Fv2%2Fmedia&parent=87036"}],"wp:term":[{"taxonomy":"category","embeddable":true,"href":"https:\/\/zonaroja.com.mx\/index.php?rest_route=%2Fwp%2Fv2%2Fcategories&post=87036"},{"taxonomy":"post_tag","embeddable":true,"href":"https:\/\/zonaroja.com.mx\/index.php?rest_route=%2Fwp%2Fv2%2Ftags&post=87036"}],"curies":[{"name":"wp","href":"https:\/\/api.w.org\/{rel}","templated":true}]}}