{"id":87041,"date":"2025-11-18T14:39:00","date_gmt":"2025-11-18T20:39:00","guid":{"rendered":"https:\/\/zonaroja.com.mx\/?p=87041"},"modified":"2025-11-18T07:40:38","modified_gmt":"2025-11-18T13:40:38","slug":"opinion-la-profunda-crisis-moral-del-regimen","status":"publish","type":"post","link":"https:\/\/zonaroja.com.mx\/?p=87041","title":{"rendered":"Opini\u00f3n. La\u00a0profunda\u00a0crisis moral del r\u00e9gimen"},"content":{"rendered":"\n<p>N\u00e9stor Y. S\u00e1nchez Islas<\/p>\n\n\n\n<p>En apenas siete a\u00f1os, el r\u00e9gimen surgido no de los muertos y de las armas de la revoluci\u00f3n sino de los muertos y desaparecidos por crimen organizado aliado de&nbsp;la 4T&nbsp;enfrenta una profunda crisis moral de la que, dif\u00edcilmente, podr\u00eda salir indemne. Pueden ignorar las protestas de la generaci\u00f3n Z, pero no podr\u00e1n ignorar el descontento expresado a lo largo y ancho del pa\u00eds.<\/p>\n\n\n\n<p>Octavio Paz fue muy claro cuando en su ensayo \u201cPostdata\u201d se\u00f1al\u00f3 que el movimiento del 68 no fue un complot sino un espejo que los estudiantes colocaron al r\u00e9gimen para que el mismo viera su deterioro moral. Los j\u00f3venes de la generaci\u00f3n Z le vuelven a colocar un enorme espejo al r\u00e9gimen para que vea su propio deterioro. Las vallas que el r\u00e9gimen coloc\u00f3 en el z\u00f3calo de la CDMX para protegerse fueron, en realidad, el muro en el que, con todas sus letras, la gente&nbsp;les dijo lo que son: un narcoestado.<\/p>\n\n\n\n<p>Parados sobre&nbsp;una&nbsp;supuesta superioridad moral, el r\u00e9gimen descalific\u00f3 desde d\u00edas antes las protestas al se\u00f1alar que son movilizaciones manipuladas por las fuerzas oscuras del conservadurismo. Nuevamente Octavio Paz los exhibe&nbsp;la falacia&nbsp;con una frase escrita hace muchos a\u00f1os: \u201c\u201cEl poder que no tolera la cr\u00edtica es el m\u00e1s vulnerable, porque revela que s\u00f3lo se sostiene en su propia ret\u00f3rica.\u201d<\/p>\n\n\n\n<p>Embriagados de poder y dinero, como es ejemplo y evidencia el caso de Fern\u00e1ndez Noro\u00f1a, olvidan que la cr\u00edtica es un acto de lealtad&nbsp;hacia nuestro&nbsp;pa\u00eds y no al gobierno en turno. Solo necios y dogm\u00e1ticos como ellos nos quieren negar el derecho a disentir.<\/p>\n\n\n\n<p>La legitimidad democr\u00e1tica que la presidenta presume es m\u00e1s endeble que una hoja de papel mojado. Conforme el tiempo pasa, es m\u00e1s evidente que su llegada al poder fue gracias a los r\u00edos de dinero que&nbsp;fluyeron&nbsp;del crimen hacia su&nbsp;padre pol\u00edtico, AMLO, para su larga campa\u00f1a de casi seis a\u00f1os. La enorme popularidad que la presidenta presume es una verdad a medias porque en las mismas encuestas&nbsp;tambi\u00e9n&nbsp;se se\u00f1ala el profundo descontento con su gesti\u00f3n en cuanto a econom\u00eda, seguridad, combate a la corrupci\u00f3n y justicia.<\/p>\n\n\n\n<p>Las protestas de los j\u00f3venes no son&nbsp;para&nbsp;exigir privilegios, uno de los adjetivos m\u00e1s usado por la 4T contra sus cr\u00edticos, ni tampoco salieron como peones de la derecha como seguramente los tildar\u00e1n. Exigen algo elemental: que el pa\u00eds no siga desmoron\u00e1ndose frente a sus ojos. No quieren quedarse de brazos cruzados y ya demostraron que no lo har\u00e1n.<\/p>\n\n\n\n<p>Herederos como presumen del movimiento estudiantil del 68, hoy repiten los viejos vicios que juraron combatir. Las docenas de muertos de Diaz Ordaz palidecen ante los cientos de miles de muertos y desaparecidos del obradorismo. La intensa propaganda del r\u00e9gimen para negar todo no nos ha&nbsp;dejado&nbsp;ni justicia, ni igualdad, ni libertad. Los j\u00f3venes est\u00e1n descubriendo que han vivido en el enga\u00f1o y est\u00e1n&nbsp;despertando, y eso es lo que el r\u00e9gimen teme porque, una vez despiertos, no habr\u00e1 forma de detenerlos.&nbsp;Por si la presidenta no se dio cuenta, el crimen del alcalde de Uruapan, Carlos Manzo, parece que fue la chispa que encendi\u00f3 la luz para aquellos que a\u00fan cre\u00edan en el para\u00edso de la mal llamada cuarta transformaci\u00f3n.<\/p>\n\n\n\n<p>El poder se tambalea porque ya es intolerable la connivencia entre crimen organizado y gobierno. No sabemos ya en d\u00f3nde termina uno e inicia el otro. La pol\u00edtica de los abrazos y no balazos no fortaleci\u00f3 al Estado, lo debilit\u00f3 y \u00e9ste cedi\u00f3 una gran parte del territorio a las mafias que, con el paso del tiempo, han&nbsp;evolucionado&nbsp;de ser simples criminales a ser intermediarios entre la gente y el Estado, es decir, que el crimen ya es toda una estructura&nbsp;que forma parte del entramado social&nbsp;y no son&nbsp;ya solo&nbsp;gavillas aisladas&nbsp;en b\u00fasqueda de dinero. Quieren el poder total y esto es muy grave.&nbsp;La evidente omisi\u00f3n sobre la que L\u00f3pez Obrador construy\u00f3 su gobierno es la responsable de haber transformado a estos&nbsp;mafiosos&nbsp;en estructuras sociales.<\/p>\n\n\n\n<p>Por esta gravedad no debemos tolerar que el r\u00e9gimen nos reduzca todo a una gastada liturgia&nbsp;pol\u00edtica en donde todo aquel que cuestiona, que&nbsp;lo&nbsp;critica o que disiente es un&nbsp;traidor.&nbsp;Es nuestra obligaci\u00f3n protestar y luchar por rescatar a M\u00e9xico.<\/p>\n\n\n\n<p>La profundidad de su desplome moral lleva a quienes se autodefinen como luchadores sociales a calificar a los j\u00f3venes que salieron a protestar como enemigos de M\u00e9xico. No, la&nbsp;mal llamada&nbsp;cuarta transformaci\u00f3n no es M\u00e9xico.<\/p>\n\n\n\n<p>Es evidente que quienes salieron a las calles, que ellos siempre pensaron que les pertenec\u00edan, ya les perdieron el miedo y no creen m\u00e1s&nbsp;en la propaganda del r\u00e9gimen. Ven como se han apropiado de los tres poderes del Estado, han destruido instituciones&nbsp;y preparan el asalto final con la destrucci\u00f3n del INE.&nbsp;Si el r\u00e9gimen cree que puede intimidarlos, manipularlos o desacreditarlos como lo hizo D\u00edaz Ordaz en 1968, comete&nbsp;el mismo error hist\u00f3rico.<\/p>\n\n\n\n<p>nestoryuri@yahoo.com<\/p>\n","protected":false},"excerpt":{"rendered":"<p>N\u00e9stor Y. S\u00e1nchez Islas En apenas siete a\u00f1os, el r\u00e9gimen surgido no de los muertos&hellip;<\/p>\n","protected":false},"author":2,"featured_media":67897,"comment_status":"closed","ping_status":"open","sticky":false,"template":"","format":"standard","meta":{"_lmt_disableupdate":"","_lmt_disable":"","_jetpack_memberships_contains_paid_content":false,"footnotes":""},"categories":[456,109],"tags":[3050],"class_list":["post-87041","post","type-post","status-publish","format-standard","has-post-thumbnail","hentry","category-columna","category-minuto-a-minuto","tag-nestor-yuri-sanchez"],"jetpack_featured_media_url":"https:\/\/zonaroja.com.mx\/wp-content\/uploads\/2024\/05\/Opinion-Nestor-Yuri-Sanchez.jpeg","jetpack_sharing_enabled":true,"_links":{"self":[{"href":"https:\/\/zonaroja.com.mx\/index.php?rest_route=\/wp\/v2\/posts\/87041","targetHints":{"allow":["GET"]}}],"collection":[{"href":"https:\/\/zonaroja.com.mx\/index.php?rest_route=\/wp\/v2\/posts"}],"about":[{"href":"https:\/\/zonaroja.com.mx\/index.php?rest_route=\/wp\/v2\/types\/post"}],"author":[{"embeddable":true,"href":"https:\/\/zonaroja.com.mx\/index.php?rest_route=\/wp\/v2\/users\/2"}],"replies":[{"embeddable":true,"href":"https:\/\/zonaroja.com.mx\/index.php?rest_route=%2Fwp%2Fv2%2Fcomments&post=87041"}],"version-history":[{"count":1,"href":"https:\/\/zonaroja.com.mx\/index.php?rest_route=\/wp\/v2\/posts\/87041\/revisions"}],"predecessor-version":[{"id":87042,"href":"https:\/\/zonaroja.com.mx\/index.php?rest_route=\/wp\/v2\/posts\/87041\/revisions\/87042"}],"wp:featuredmedia":[{"embeddable":true,"href":"https:\/\/zonaroja.com.mx\/index.php?rest_route=\/wp\/v2\/media\/67897"}],"wp:attachment":[{"href":"https:\/\/zonaroja.com.mx\/index.php?rest_route=%2Fwp%2Fv2%2Fmedia&parent=87041"}],"wp:term":[{"taxonomy":"category","embeddable":true,"href":"https:\/\/zonaroja.com.mx\/index.php?rest_route=%2Fwp%2Fv2%2Fcategories&post=87041"},{"taxonomy":"post_tag","embeddable":true,"href":"https:\/\/zonaroja.com.mx\/index.php?rest_route=%2Fwp%2Fv2%2Ftags&post=87041"}],"curies":[{"name":"wp","href":"https:\/\/api.w.org\/{rel}","templated":true}]}}