{"id":87043,"date":"2025-11-18T11:42:00","date_gmt":"2025-11-18T17:42:00","guid":{"rendered":"https:\/\/zonaroja.com.mx\/?p=87043"},"modified":"2025-11-18T07:46:11","modified_gmt":"2025-11-18T13:46:11","slug":"articulo-19-documenta-13-agresiones-a-periodistas-en-protestas-de-generacion-z","status":"publish","type":"post","link":"https:\/\/zonaroja.com.mx\/?p=87043","title":{"rendered":"Art\u00edculo 19 documenta 13 agresiones a periodistas en protestas de \u201cGeneraci\u00f3n Z\u201d"},"content":{"rendered":"\n<p>Redacci\u00f3n\/Zona Roja Cdmx.<\/p>\n\n\n\n<p>(Informaci\u00f3n de Aristegui Noticias)<\/p>\n\n\n\n<p>Ciudad de M\u00e9xico, a 18 de noviembre de 2025.- La organizaci\u00f3n Art\u00edculo 19 inform\u00f3 que ha documentado al menos 13 agresiones contra periodistas ocurridas durante las protestas del pasado s\u00e1bado 15 de noviembre, presuntamente cometidas tanto por integrantes de las manifestaciones como por elementos policiales en distintas entidades del pa\u00eds.<\/p>\n\n\n\n<p>De acuerdo con la organizaci\u00f3n, las agresiones se distribuyen de la siguiente manera:<\/p>\n\n\n\n<p>Ciudad de M\u00e9xico: 6;<\/p>\n\n\n\n<p>Michoac\u00e1n: 6; y,<\/p>\n\n\n\n<p>Jalisco: 1.<\/p>\n\n\n\n<p>A trav\u00e9s de sus redes sociales, la organizaci\u00f3n se\u00f1al\u00f3 que estas agresiones afectaron principalmente a fotoperiodistas y reporteros que cubr\u00edan los enfrentamientos registrados durante las movilizaciones.<\/p>\n\n\n\n<p>\u201cArt\u00edculo 19 est\u00e1 documentando al menos 13 agresiones contra la prensa, provocadas tanto por integrantes de la manifestaci\u00f3n como por polic\u00edas en el marco de las protestas del s\u00e1bado 15 de noviembre\u201d, se\u00f1al\u00f3 la organizaci\u00f3n.<\/p>\n\n\n\n<p>La agrupaci\u00f3n defensora de la libertad de expresi\u00f3n reconoci\u00f3 las expresiones de solidaridad de la presidenta Claudia Sheinbaum hacia los fotoperiodistas agredidos, pero llam\u00f3 a dar seguimiento a los compromisos de investigar y sancionar a los funcionarios p\u00fablicos que no aplicaron los protocolos de actuaci\u00f3n policial y que, en consecuencia, limitaron el ejercicio del derecho a la libertad de prensa.<\/p>\n\n\n\n<p>\u201cReiteramos la importancia del derecho a la protesta y de la cobertura period\u00edstica de \u00e9sta, as\u00ed como la necesidad de que las fuerzas del orden sigan implementando sus protocolos en contextos de manifestaciones y reuniones\u201d, a\u00f1adi\u00f3 Art\u00edculo 19.<\/p>\n\n\n\n<p>Durante las protestas del s\u00e1bado, registradas en diversas ciudades del pa\u00eds, se reportaron enfrentamientos entre manifestantes y cuerpos de seguridad, as\u00ed como agresiones f\u00edsicas a comunicadores que cubr\u00edan los hechos.<\/p>\n","protected":false},"excerpt":{"rendered":"<p>Redacci\u00f3n\/Zona Roja Cdmx. (Informaci\u00f3n de Aristegui Noticias) Ciudad de M\u00e9xico, a 18 de noviembre de&hellip;<\/p>\n","protected":false},"author":2,"featured_media":64021,"comment_status":"closed","ping_status":"open","sticky":false,"template":"","format":"standard","meta":{"_lmt_disableupdate":"","_lmt_disable":"","_jetpack_memberships_contains_paid_content":false,"footnotes":""},"categories":[109,47],"tags":[],"class_list":["post-87043","post","type-post","status-publish","format-standard","has-post-thumbnail","hentry","category-minuto-a-minuto","category-zona-gris"],"jetpack_featured_media_url":"https:\/\/zonaroja.com.mx\/wp-content\/uploads\/2024\/01\/Periodismo-periodista-reporteros.jpg","jetpack_sharing_enabled":true,"_links":{"self":[{"href":"https:\/\/zonaroja.com.mx\/index.php?rest_route=\/wp\/v2\/posts\/87043","targetHints":{"allow":["GET"]}}],"collection":[{"href":"https:\/\/zonaroja.com.mx\/index.php?rest_route=\/wp\/v2\/posts"}],"about":[{"href":"https:\/\/zonaroja.com.mx\/index.php?rest_route=\/wp\/v2\/types\/post"}],"author":[{"embeddable":true,"href":"https:\/\/zonaroja.com.mx\/index.php?rest_route=\/wp\/v2\/users\/2"}],"replies":[{"embeddable":true,"href":"https:\/\/zonaroja.com.mx\/index.php?rest_route=%2Fwp%2Fv2%2Fcomments&post=87043"}],"version-history":[{"count":1,"href":"https:\/\/zonaroja.com.mx\/index.php?rest_route=\/wp\/v2\/posts\/87043\/revisions"}],"predecessor-version":[{"id":87044,"href":"https:\/\/zonaroja.com.mx\/index.php?rest_route=\/wp\/v2\/posts\/87043\/revisions\/87044"}],"wp:featuredmedia":[{"embeddable":true,"href":"https:\/\/zonaroja.com.mx\/index.php?rest_route=\/wp\/v2\/media\/64021"}],"wp:attachment":[{"href":"https:\/\/zonaroja.com.mx\/index.php?rest_route=%2Fwp%2Fv2%2Fmedia&parent=87043"}],"wp:term":[{"taxonomy":"category","embeddable":true,"href":"https:\/\/zonaroja.com.mx\/index.php?rest_route=%2Fwp%2Fv2%2Fcategories&post=87043"},{"taxonomy":"post_tag","embeddable":true,"href":"https:\/\/zonaroja.com.mx\/index.php?rest_route=%2Fwp%2Fv2%2Ftags&post=87043"}],"curies":[{"name":"wp","href":"https:\/\/api.w.org\/{rel}","templated":true}]}}