{"id":87046,"date":"2025-11-18T12:44:01","date_gmt":"2025-11-18T18:44:01","guid":{"rendered":"https:\/\/zonaroja.com.mx\/?p=87046"},"modified":"2025-11-18T12:44:01","modified_gmt":"2025-11-18T18:44:01","slug":"ejecutan-a-dos-personas-en-su-vehiculo-en-la-region-costa","status":"publish","type":"post","link":"https:\/\/zonaroja.com.mx\/?p=87046","title":{"rendered":"Ejecutan a dos personas en su veh\u00edculo, en la regi\u00f3n Costa"},"content":{"rendered":"\n<p>Ismael Garc\u00eda M.\/Zona Roja.&nbsp;<\/p>\n\n\n\n<p>Oaxaca, Oax., a 18 de noviembre de 2025.- Dos personas del sexo masculino fueron ejecutadas a balazos la ma\u00f1ana de este martes cuando transitaban a bordo de su veh\u00edculo en la regi\u00f3n Costa de Oaxaca.&nbsp;<\/p>\n\n\n\n<p>De acuerdo con los reportes policiacos preliminares, la unidad de motor, marca Renault, de color blanco, con placas de circulaci\u00f3n GY-7332 -J del estado de Guerrero, fue localizada a un costado de la carretera federal 200, jurisdicci\u00f3n de Santa Catarina Mechoac\u00e1n.&nbsp;<\/p>\n\n\n\n<p>El veh\u00edculo, con letrero de Rancho Doble Alma, presenta varios impactos de arma de fuego y, al acercarse los polic\u00edas, notaron la existencia de dos cuerpos.&nbsp;<\/p>\n\n\n\n<p>Tras el arribo de param\u00e9dicos, \u00e9stos confirmaron que ya no contaban con signos vitales, por lo cual dieron aviso a las autoridades ministeriales.&nbsp;<\/p>\n\n\n\n<p>Tras ello arrojaron peritos y agentes de investigaci\u00f3n de la Vicefiscal\u00eda Regional de la Costa, que contin\u00faan con las indagaciones correspondientes.&nbsp;<\/p>\n","protected":false},"excerpt":{"rendered":"<p>Ismael Garc\u00eda M.\/Zona Roja.&nbsp; Oaxaca, Oax., a 18 de noviembre de 2025.- Dos personas del&hellip;<\/p>\n","protected":false},"author":2,"featured_media":87045,"comment_status":"closed","ping_status":"open","sticky":false,"template":"","format":"standard","meta":{"_lmt_disableupdate":"","_lmt_disable":"","_jetpack_memberships_contains_paid_content":false,"footnotes":""},"categories":[109,51],"tags":[581],"class_list":["post-87046","post","type-post","status-publish","format-standard","has-post-thumbnail","hentry","category-minuto-a-minuto","category-zona-roja","tag-santa-catarina-mechoacan"],"jetpack_featured_media_url":"https:\/\/zonaroja.com.mx\/wp-content\/uploads\/2025\/11\/img_1792.jpg","jetpack_sharing_enabled":true,"_links":{"self":[{"href":"https:\/\/zonaroja.com.mx\/index.php?rest_route=\/wp\/v2\/posts\/87046","targetHints":{"allow":["GET"]}}],"collection":[{"href":"https:\/\/zonaroja.com.mx\/index.php?rest_route=\/wp\/v2\/posts"}],"about":[{"href":"https:\/\/zonaroja.com.mx\/index.php?rest_route=\/wp\/v2\/types\/post"}],"author":[{"embeddable":true,"href":"https:\/\/zonaroja.com.mx\/index.php?rest_route=\/wp\/v2\/users\/2"}],"replies":[{"embeddable":true,"href":"https:\/\/zonaroja.com.mx\/index.php?rest_route=%2Fwp%2Fv2%2Fcomments&post=87046"}],"version-history":[{"count":1,"href":"https:\/\/zonaroja.com.mx\/index.php?rest_route=\/wp\/v2\/posts\/87046\/revisions"}],"predecessor-version":[{"id":87047,"href":"https:\/\/zonaroja.com.mx\/index.php?rest_route=\/wp\/v2\/posts\/87046\/revisions\/87047"}],"wp:featuredmedia":[{"embeddable":true,"href":"https:\/\/zonaroja.com.mx\/index.php?rest_route=\/wp\/v2\/media\/87045"}],"wp:attachment":[{"href":"https:\/\/zonaroja.com.mx\/index.php?rest_route=%2Fwp%2Fv2%2Fmedia&parent=87046"}],"wp:term":[{"taxonomy":"category","embeddable":true,"href":"https:\/\/zonaroja.com.mx\/index.php?rest_route=%2Fwp%2Fv2%2Fcategories&post=87046"},{"taxonomy":"post_tag","embeddable":true,"href":"https:\/\/zonaroja.com.mx\/index.php?rest_route=%2Fwp%2Fv2%2Ftags&post=87046"}],"curies":[{"name":"wp","href":"https:\/\/api.w.org\/{rel}","templated":true}]}}