{"id":87048,"date":"2025-11-18T19:06:01","date_gmt":"2025-11-19T01:06:01","guid":{"rendered":"https:\/\/zonaroja.com.mx\/?p=87048"},"modified":"2025-11-18T19:06:03","modified_gmt":"2025-11-19T01:06:03","slug":"capacita-proteccion-civil-municipal-a-escolares-de-xoxocotlan","status":"publish","type":"post","link":"https:\/\/zonaroja.com.mx\/?p=87048","title":{"rendered":"Capacita Protecci\u00f3n Civil Municipal a escolares de Xoxocotl\u00e1n"},"content":{"rendered":"\n<p>Redacci\u00f3n\/Zona Roja.<\/p>\n\n\n\n<p>Oaxaca, Oax., a 18 de noviembre de 2025.- Con la convicci\u00f3n de que la seguridad comienza desde las aulas, la Direcci\u00f3n de Protecci\u00f3n Civil de Santa Cruz Xoxocotl\u00e1n culmin\u00f3 una serie de talleres de capacitaci\u00f3n en escuelas de nivel preescolar y primaria, atendiendo la instrucci\u00f3n de la presidenta municipal Nancy Ben\u00edtez Z\u00e1rate de fortalecer la cultura preventiva en el municipio.<\/p>\n\n\n\n<p>Las jornadas se llevaron a cabo en la primaria \u201cJosefa Ortiz de Dom\u00ednguez\u201d, \u201cRicardo Flores Mag\u00f3n\u201d, \u201cL\u00e1zaro C\u00e1rdenas\u201d y en el jard\u00edn de ni\u00f1os \u201cRufino Tamayo\u201d.<\/p>\n\n\n\n<p>En cada plantel, el personal especializado imparti\u00f3 conocimientos b\u00e1sicos para actuar ante emergencias; en la colonia Independencia tambi\u00e9n se abord\u00f3 el uso de la alerta s\u00edsmica.<\/p>\n\n\n\n<p>M\u00e1s de 400 ni\u00f1as y ni\u00f1os, as\u00ed como 75 docentes y 40 madres y padres de familia, participaron en estas capacitaciones.<\/p>\n\n\n\n<p>La comunidad escolar recibi\u00f3 con entusiasmo la iniciativa, reconociendo la importancia de estar preparada.<\/p>\n\n\n\n<p>Los talleres incluyeron integraci\u00f3n de brigadas, rutas de evacuaci\u00f3n, primeros auxilios y medidas preventivas dentro y fuera del aula.<\/p>\n\n\n\n<p>Las pr\u00e1cticas permitieron que estudiantes y docentes resolvieran dudas y reforzar\u00e1n la confianza para actuar de forma organizada.<\/p>\n\n\n\n<p>Estas jornadas fortalecieron la preparaci\u00f3n de la comunidad escolar y reafirmaron la importancia de la prevenci\u00f3n como un valor compartido entre autoridades, docentes, madres, padres y estudiantes en Santa Cruz Xoxocotl\u00e1n.<\/p>\n","protected":false},"excerpt":{"rendered":"<p>Redacci\u00f3n\/Zona Roja. Oaxaca, Oax., a 18 de noviembre de 2025.- Con la convicci\u00f3n de que&hellip;<\/p>\n","protected":false},"author":2,"featured_media":87049,"comment_status":"closed","ping_status":"open","sticky":false,"template":"","format":"standard","meta":{"_lmt_disableupdate":"","_lmt_disable":"","_jetpack_memberships_contains_paid_content":false,"footnotes":""},"categories":[109,46],"tags":[133],"class_list":["post-87048","post","type-post","status-publish","format-standard","has-post-thumbnail","hentry","category-minuto-a-minuto","category-zona-blanca","tag-santa-cruz-xoxocotlan"],"jetpack_featured_media_url":"https:\/\/zonaroja.com.mx\/wp-content\/uploads\/2025\/11\/Proteccion-Civil-culmina-jornadas-de-capacitacion-en-escuelas-de-Xoxocotlan-1.jpeg","jetpack_sharing_enabled":true,"_links":{"self":[{"href":"https:\/\/zonaroja.com.mx\/index.php?rest_route=\/wp\/v2\/posts\/87048","targetHints":{"allow":["GET"]}}],"collection":[{"href":"https:\/\/zonaroja.com.mx\/index.php?rest_route=\/wp\/v2\/posts"}],"about":[{"href":"https:\/\/zonaroja.com.mx\/index.php?rest_route=\/wp\/v2\/types\/post"}],"author":[{"embeddable":true,"href":"https:\/\/zonaroja.com.mx\/index.php?rest_route=\/wp\/v2\/users\/2"}],"replies":[{"embeddable":true,"href":"https:\/\/zonaroja.com.mx\/index.php?rest_route=%2Fwp%2Fv2%2Fcomments&post=87048"}],"version-history":[{"count":1,"href":"https:\/\/zonaroja.com.mx\/index.php?rest_route=\/wp\/v2\/posts\/87048\/revisions"}],"predecessor-version":[{"id":87050,"href":"https:\/\/zonaroja.com.mx\/index.php?rest_route=\/wp\/v2\/posts\/87048\/revisions\/87050"}],"wp:featuredmedia":[{"embeddable":true,"href":"https:\/\/zonaroja.com.mx\/index.php?rest_route=\/wp\/v2\/media\/87049"}],"wp:attachment":[{"href":"https:\/\/zonaroja.com.mx\/index.php?rest_route=%2Fwp%2Fv2%2Fmedia&parent=87048"}],"wp:term":[{"taxonomy":"category","embeddable":true,"href":"https:\/\/zonaroja.com.mx\/index.php?rest_route=%2Fwp%2Fv2%2Fcategories&post=87048"},{"taxonomy":"post_tag","embeddable":true,"href":"https:\/\/zonaroja.com.mx\/index.php?rest_route=%2Fwp%2Fv2%2Ftags&post=87048"}],"curies":[{"name":"wp","href":"https:\/\/api.w.org\/{rel}","templated":true}]}}